{"id":3876,"date":"2026-05-18T15:04:03","date_gmt":"2026-05-18T18:04:03","guid":{"rendered":"https:\/\/www.jlmtelas.com.br\/blog\/?p=3876"},"modified":"2026-05-18T15:04:05","modified_gmt":"2026-05-18T18:04:05","slug":"rede-de-protecao-sob-medida-ajuste-perfeito-para-seu-espaco","status":"publish","type":"post","link":"https:\/\/www.jlmtelas.com.br\/blog\/rede-de-protecao-sob-medida-ajuste-perfeito-para-seu-espaco\/","title":{"rendered":"Rede de prote\u00e7\u00e3o sob medida: ajuste perfeito para seu espa\u00e7o"},"content":{"rendered":"<span class=\"span-reading-time rt-reading-time\" style=\"display: block;\"><span class=\"rt-label rt-prefix\">Tempo de leitura:<\/span> <span class=\"rt-time\"> 5<\/span> <span class=\"rt-label rt-postfix\">minutos<\/span><\/span>\n<p class=\"has-medium-font-size\"><strong><em>Encontre rede de prote\u00e7\u00e3o sob medida com instala\u00e7\u00e3o profissional, ajuste preciso e mais seguran\u00e7a para condom\u00ednios, escolas e resid\u00eancias.<\/em><\/strong><\/p>\n\n\n\n<p>A <strong>rede de prote\u00e7\u00e3o sob medida<\/strong> \u00e9 uma solu\u00e7\u00e3o pensada para quem precisa unir seguran\u00e7a, acabamento bem feito e adapta\u00e7\u00e3o real ao ambiente. Em espa\u00e7os residenciais, escolares ou coletivos, esse tipo de prote\u00e7\u00e3o ajuda a preservar a circula\u00e7\u00e3o de ar, a entrada de luz e a est\u00e9tica do local.<\/p>\n\n\n\n<p>Em muitos casos, medidas fora do padr\u00e3o, cantos irregulares, v\u00e3os amplos e pontos de fixa\u00e7\u00e3o espec\u00edficos exigem um projeto personalizado. \u00c9 a\u00ed que a <strong>rede de prote\u00e7\u00e3o sob medida<\/strong> ganha for\u00e7a, porque acompanha as caracter\u00edsticas do espa\u00e7o e entrega um resultado mais preciso.<\/p>\n\n\n\n<p>Quando a instala\u00e7\u00e3o \u00e9 feita com t\u00e9cnica e experi\u00eancia, o projeto funciona melhor no dia a dia e transmite mais confian\u00e7a. Para condom\u00ednios, escolas, centros esportivos e resid\u00eancias, contar com uma empresa preparada faz diferen\u00e7a desde a avalia\u00e7\u00e3o inicial at\u00e9 o acabamento final.<\/p>\n\n\n\n<p><a href=\"https:\/\/www.jlmtelas.com.br\/blog\/quando-o-alambrado-revestido-compensa-mais-do-que-outras-opcoes-de-cercamento\/\">Quando o alambrado revestido compensa mais do que outras op\u00e7\u00f5es de cercamento<\/a>&nbsp;<\/p>\n\n\n\n<h2 class=\"wp-block-heading\"><strong>Por que a rede de prote\u00e7\u00e3o sob medida entrega um ajuste melhor<\/strong><\/h2>\n\n\n\n<p>Cada ambiente apresenta exig\u00eancias pr\u00f3prias. H\u00e1 janelas com recuos, sacadas com formatos diferentes, corredores elevados, mezaninos e \u00e1reas esportivas com dimens\u00f5es que pedem aten\u00e7\u00e3o ao detalhe. Por isso, a <strong>rede de prote\u00e7\u00e3o sob medida<\/strong> oferece um encaixe mais alinhado com a realidade de cada projeto.<\/p>\n\n\n\n<p>Esse ajuste mais preciso contribui para o tensionamento correto da rede e para um visual mais limpo. Quando a instala\u00e7\u00e3o respeita o espa\u00e7o e os pontos de fixa\u00e7\u00e3o, o resultado tende a ser mais est\u00e1vel, mais discreto e mais adequado ao uso di\u00e1rio. <strong>Seguran\u00e7a tamb\u00e9m passa por precis\u00e3o na execu\u00e7\u00e3o.<\/strong><\/p>\n\n\n\n<p>Outro ponto importante \u00e9 a redu\u00e7\u00e3o de improvisos. Em vez de adaptar uma solu\u00e7\u00e3o gen\u00e9rica, o projeto \u00e9 pensado para aquele local espec\u00edfico. Isso melhora o aproveitamento da \u00e1rea, favorece a durabilidade da instala\u00e7\u00e3o e transmite mais tranquilidade para quem precisa proteger pessoas e ambientes.<\/p>\n\n\n\n<h2 class=\"wp-block-heading\"><strong>Onde a rede de prote\u00e7\u00e3o sob medida pode ser aplicada<\/strong><\/h2>\n\n\n\n<p>A versatilidade \u00e9 uma das grandes vantagens da <strong>rede de prote\u00e7\u00e3o sob medida<\/strong>. Ela pode ser utilizada em diferentes contextos, sempre com foco em seguran\u00e7a, funcionalidade e adapta\u00e7\u00e3o ao espa\u00e7o dispon\u00edvel. Isso faz com que a solu\u00e7\u00e3o atenda tanto clientes residenciais quanto demandas de condom\u00ednios e institui\u00e7\u00f5es.<\/p>\n\n\n\n<p>Entre as aplica\u00e7\u00f5es mais comuns, est\u00e3o:<\/p>\n\n\n\n<ul class=\"wp-block-list\">\n<li>janelas de apartamentos e casas<\/li>\n\n\n\n<li>sacadas e varandas<\/li>\n\n\n\n<li>quadras esportivas e \u00e1reas de lazer<\/li>\n\n\n\n<li>mezaninos, escadas e corredores elevados<\/li>\n\n\n\n<li>escolas, condom\u00ednios e espa\u00e7os coletivos<\/li>\n<\/ul>\n\n\n\n<p>Essa variedade mostra como a <strong>rede de prote\u00e7\u00e3o sob medida<\/strong> se encaixa em projetos com necessidades distintas. Em todos esses cen\u00e1rios, o mais importante \u00e9 avaliar o ambiente com aten\u00e7\u00e3o e definir uma instala\u00e7\u00e3o que acompanhe a estrutura com seguran\u00e7a e bom acabamento.<\/p>\n\n\n\n<p><a href=\"https:\/\/www.jlmtelas.com.br\/blog\/como-comprar-telas-para-cercar-sitio-sem-errar\/\">Como comprar telas para cercar s\u00edtio sem errar<\/a>&nbsp;<\/p>\n\n\n\n<h2 class=\"wp-block-heading\"><strong>JLM Telas: experi\u00eancia pr\u00e1tica para projetos personalizados<\/strong><\/h2>\n\n\n\n<p>A<strong> JLM Comercio e Servi\u00e7os Ltda <\/strong>tem 10 anos de atua\u00e7\u00e3o e construiu sua trajet\u00f3ria com foco em seguran\u00e7a, prote\u00e7\u00e3o e manuten\u00e7\u00e3o de estruturas. Ao longo desse per\u00edodo, a empresa consolidou sua presen\u00e7a no mercado com solu\u00e7\u00f5es voltadas a condom\u00ednios, escolas, centros esportivos e tamb\u00e9m clientes residenciais.<\/p>\n\n\n\n<figure class=\"wp-block-image alignright size-large is-resized\"><img fetchpriority=\"high\" decoding=\"async\" width=\"576\" height=\"1024\" src=\"https:\/\/www.jlmtelas.com.br\/blog\/wp-content\/uploads\/2026\/05\/8a82eddc-0dbc-425e-ad20-6ff5f41cbbd5-576x1024.jpg\" alt=\"\" class=\"wp-image-3877\" style=\"width:358px;height:auto\" srcset=\"https:\/\/www.jlmtelas.com.br\/blog\/wp-content\/uploads\/2026\/05\/8a82eddc-0dbc-425e-ad20-6ff5f41cbbd5-576x1024.jpg 576w, https:\/\/www.jlmtelas.com.br\/blog\/wp-content\/uploads\/2026\/05\/8a82eddc-0dbc-425e-ad20-6ff5f41cbbd5-169x300.jpg 169w, https:\/\/www.jlmtelas.com.br\/blog\/wp-content\/uploads\/2026\/05\/8a82eddc-0dbc-425e-ad20-6ff5f41cbbd5-768x1365.jpg 768w, https:\/\/www.jlmtelas.com.br\/blog\/wp-content\/uploads\/2026\/05\/8a82eddc-0dbc-425e-ad20-6ff5f41cbbd5-864x1536.jpg 864w, https:\/\/www.jlmtelas.com.br\/blog\/wp-content\/uploads\/2026\/05\/8a82eddc-0dbc-425e-ad20-6ff5f41cbbd5.jpg 941w\" sizes=\"(max-width: 576px) 100vw, 576px\" \/><\/figure>\n\n\n\n<p>Hoje, a <strong>JLM Telas <\/strong>se destaca especialmente pela for\u00e7a na presta\u00e7\u00e3o de servi\u00e7os. Isso significa entender a rotina dos espa\u00e7os, avaliar cada demanda com aten\u00e7\u00e3o e oferecer uma solu\u00e7\u00e3o ajustada ao contexto de uso. Em projetos com <strong>rede de prote\u00e7\u00e3o sob medida<\/strong>, essa vis\u00e3o pr\u00e1tica \u00e9 essencial para entregar um resultado confi\u00e1vel.<\/p>\n\n\n\n<p>Entre os diferenciais da empresa est\u00e3o o atendimento \u00e1gil, a adapta\u00e7\u00e3o ao projeto, a qualidade dos materiais e a instala\u00e7\u00e3o profissional. Soma-se a isso uma comunica\u00e7\u00e3o pr\u00f3xima e consultiva, que ajuda o cliente a entender melhor o servi\u00e7o e a escolher uma solu\u00e7\u00e3o adequada para o ambiente que precisa proteger.<\/p>\n\n\n\n<h2 class=\"wp-block-heading\"><strong>Como funciona o trabalho da JLM Telas com rede de prote\u00e7\u00e3o sob medida<\/strong><\/h2>\n\n\n\n<p>Um projeto de <strong>rede de prote\u00e7\u00e3o sob medida<\/strong> come\u00e7a com a leitura correta do espa\u00e7o. A JLM Telas avalia o ambiente, entende a necessidade do cliente e observa fatores como dimens\u00f5es, formato da estrutura e rotina de uso. Essa etapa inicial \u00e9 importante para definir a solu\u00e7\u00e3o com mais seguran\u00e7a.<\/p>\n\n\n\n<p>O trabalho costuma seguir um fluxo organizado, que inclui:<\/p>\n\n\n\n<ul class=\"wp-block-list\">\n<li>avalia\u00e7\u00e3o do espa\u00e7o e das necessidades do cliente<\/li>\n\n\n\n<li>defini\u00e7\u00e3o das medidas e dos pontos de fixa\u00e7\u00e3o<\/li>\n\n\n\n<li>produ\u00e7\u00e3o da solu\u00e7\u00e3o conforme o projeto<\/li>\n\n\n\n<li>instala\u00e7\u00e3o com equipe especializada<\/li>\n\n\n\n<li>orienta\u00e7\u00e3o sobre uso, inspe\u00e7\u00e3o e conserva\u00e7\u00e3o<\/li>\n<\/ul>\n\n\n\n<p>Esse processo d\u00e1 mais clareza para o cliente e reduz falhas de execu\u00e7\u00e3o. Quando cada etapa \u00e9 respeitada, a <strong>rede de prote\u00e7\u00e3o sob medida<\/strong> tende a apresentar melhor desempenho, acabamento mais alinhado ao ambiente e uma instala\u00e7\u00e3o que responde melhor \u00e0s exig\u00eancias do espa\u00e7o.<\/p>\n\n\n\n<p><a href=\"https:\/\/www.jlmtelas.com.br\/blog\/arame-revestido-quais-os-beneficios-e-onde-comprar\/\">Arame revestido: quais os benef\u00edcios e onde comprar<\/a>&nbsp;<\/p>\n\n\n\n<h2 class=\"wp-block-heading\"><strong>Vantagens da rede de prote\u00e7\u00e3o sob medida para cada tipo de ambiente<\/strong><\/h2>\n\n\n\n<p>A <strong>rede de prote\u00e7\u00e3o sob medida<\/strong> atende realidades diferentes sem perder efici\u00eancia. Em resid\u00eancias, ela ajuda a proteger janelas, varandas e escadas. Em escolas e condom\u00ednios, contribui para a seguran\u00e7a de \u00e1reas comuns e pontos de circula\u00e7\u00e3o. Em quadras e espa\u00e7os esportivos, auxilia na conten\u00e7\u00e3o e no uso mais seguro do local.<\/p>\n\n\n\n<p>Entre as principais vantagens, vale destacar:<\/p>\n\n\n\n<ul class=\"wp-block-list\">\n<li>mais seguran\u00e7a no uso di\u00e1rio<\/li>\n\n\n\n<li>melhor integra\u00e7\u00e3o visual ao ambiente<\/li>\n\n\n\n<li>aproveitamento completo da \u00e1rea<\/li>\n\n\n\n<li>maior confian\u00e7a no resultado final<\/li>\n\n\n\n<li>versatilidade para diferentes aplica\u00e7\u00f5es<\/li>\n<\/ul>\n\n\n\n<p>Esses benef\u00edcios explicam por que a <strong>rede de prote\u00e7\u00e3o sob medida<\/strong> \u00e9 cada vez mais procurada em projetos que exigem prote\u00e7\u00e3o com adapta\u00e7\u00e3o exata. <strong>Quando o projeto acompanha o espa\u00e7o, o resultado costuma ser mais funcional, mais discreto e mais dur\u00e1vel.<\/strong><\/p>\n\n\n\n<h2 class=\"wp-block-heading\"><strong>Ambientes coletivos exigem uma solu\u00e7\u00e3o t\u00e9cnica e confi\u00e1vel<\/strong><\/h2>\n\n\n\n<p>Condom\u00ednios, escolas e centros esportivos lidam com circula\u00e7\u00e3o constante de pessoas e precisam manter a rotina funcionando com seguran\u00e7a. Nesses locais, a prote\u00e7\u00e3o de \u00e1reas comuns deve ser pensada com responsabilidade, agilidade e aten\u00e7\u00e3o \u00e0 estrutura existente. Cada detalhe influencia no uso pr\u00e1tico do espa\u00e7o.<\/p>\n\n\n\n<p>A <strong>rede de prote\u00e7\u00e3o sob medida<\/strong> ajuda a proteger pontos estrat\u00e9gicos sem comprometer a funcionalidade do ambiente. Ela pode ser aplicada em corredores, quadras, escadas, janelas, sacadas e outras \u00e1reas que exigem conten\u00e7\u00e3o e seguran\u00e7a, sempre respeitando as caracter\u00edsticas do projeto arquitet\u00f4nico.<\/p>\n\n\n\n<p>A JLM Telas atua justamente nesse tipo de demanda com uma abordagem pr\u00e1tica e personalizada. A empresa entende que ambientes coletivos pedem organiza\u00e7\u00e3o, rapidez e execu\u00e7\u00e3o correta. Por isso, oferece solu\u00e7\u00f5es alinhadas ao dia a dia de institui\u00e7\u00f5es e condom\u00ednios que precisam de prote\u00e7\u00e3o com confian\u00e7a.<\/p>\n\n\n\n<p><a href=\"https:\/\/www.jlmtelas.com.br\/blog\/onde-encontrar-instalacao-de-rede-de-protecao-em-sao-paulo\/\">Onde encontrar instala\u00e7\u00e3o de rede de prote\u00e7\u00e3o em S\u00e3o Paulo<\/a>&nbsp;<\/p>\n\n\n\n<h2 class=\"wp-block-heading\"><strong>Rede de prote\u00e7\u00e3o sob medida com instala\u00e7\u00e3o profissional faz diferen\u00e7a<\/strong><\/h2>\n\n\n\n<p>Ao longo de todo o projeto, fica claro que a <strong>rede de prote\u00e7\u00e3o sob medida<\/strong> entrega um ajuste mais preciso para espa\u00e7os que n\u00e3o podem depender de solu\u00e7\u00f5es gen\u00e9ricas. O encaixe correto, a leitura t\u00e9cnica do ambiente e o acabamento bem executado fazem parte de uma instala\u00e7\u00e3o que oferece mais tranquilidade no uso di\u00e1rio.<\/p>\n\n\n\n<p>A escolha do fornecedor tamb\u00e9m pesa bastante no resultado. Material adequado, defini\u00e7\u00e3o correta dos pontos de fixa\u00e7\u00e3o e equipe especializada influenciam diretamente na seguran\u00e7a, na durabilidade e na apresenta\u00e7\u00e3o final do servi\u00e7o. <strong>Um bom projeto come\u00e7a no atendimento e se confirma na execu\u00e7\u00e3o.<\/strong><\/p>\n\n\n\n<p><strong>Para quem busca prote\u00e7\u00e3o com adapta\u00e7\u00e3o real ao espa\u00e7o, a JLM Telas oferece experi\u00eancia, atendimento personalizado e solu\u00e7\u00f5es sob medida para diferentes contextos. <\/strong><a href=\"https:\/\/api.whatsapp.com\/send?phone=5511977809701\">Entre em contato com a JLM Telas<\/a> e solicite uma avalia\u00e7\u00e3o para instalar sua <strong>rede de prote\u00e7\u00e3o sob medida<\/strong> com seguran\u00e7a, precis\u00e3o e atendimento especializado.<\/p>\n\n\n\n<p><\/p>\n","protected":false},"excerpt":{"rendered":"<p><span class=\"span-reading-time rt-reading-time\" style=\"display: block;\"><span class=\"rt-label rt-prefix\">Tempo de leitura:<\/span> <span class=\"rt-time\"> 5<\/span> <span class=\"rt-label rt-postfix\">minutos<\/span><\/span>Encontre rede de prote\u00e7\u00e3o sob medida com instala\u00e7\u00e3o profissional, ajuste preciso e mais seguran\u00e7a para condom\u00ednios, escolas e resid\u00eancias. A rede de prote\u00e7\u00e3o sob medida \u00e9 uma solu\u00e7\u00e3o pensada para quem precisa unir seguran\u00e7a, acabamento bem feito e adapta\u00e7\u00e3o real ao ambiente. Em espa\u00e7os residenciais, escolares ou coletivos, esse tipo de prote\u00e7\u00e3o ajuda a preservar a circula\u00e7\u00e3o de ar, a entrada de luz e a est\u00e9tica do local. Em muitos casos, medidas fora do padr\u00e3o, cantos irregulares, v\u00e3os amplos e pontos de fixa\u00e7\u00e3o espec\u00edficos exigem um projeto personalizado. \u00c9 a\u00ed que a rede de prote\u00e7\u00e3o sob medida ganha for\u00e7a, porque acompanha as caracter\u00edsticas do espa\u00e7o e entrega um resultado mais preciso. Quando a instala\u00e7\u00e3o \u00e9 feita com t\u00e9cnica e experi\u00eancia, o projeto funciona melhor no dia a dia e transmite mais confian\u00e7a. Para condom\u00ednios, escolas, centros esportivos e resid\u00eancias, contar com uma empresa preparada faz diferen\u00e7a desde a avalia\u00e7\u00e3o inicial at\u00e9 o acabamento final. Quando o alambrado revestido compensa mais do que outras op\u00e7\u00f5es de cercamento&nbsp; Por que a rede de prote\u00e7\u00e3o sob medida entrega um ajuste melhor Cada ambiente apresenta exig\u00eancias pr\u00f3prias. H\u00e1 janelas com recuos, sacadas com formatos diferentes, corredores elevados, mezaninos e \u00e1reas esportivas com dimens\u00f5es que pedem aten\u00e7\u00e3o ao detalhe. Por isso, a rede de prote\u00e7\u00e3o sob medida oferece um encaixe mais alinhado com a realidade de cada projeto. Esse ajuste mais preciso contribui para o tensionamento correto da rede e para um visual mais limpo. Quando a instala\u00e7\u00e3o respeita o espa\u00e7o e os pontos de fixa\u00e7\u00e3o, o resultado tende a ser mais est\u00e1vel, mais discreto e mais adequado ao uso di\u00e1rio. Seguran\u00e7a tamb\u00e9m passa por precis\u00e3o na execu\u00e7\u00e3o. Outro ponto importante \u00e9 a redu\u00e7\u00e3o de improvisos. Em vez de adaptar uma solu\u00e7\u00e3o gen\u00e9rica, o projeto \u00e9 pensado para aquele local espec\u00edfico. Isso melhora o aproveitamento da \u00e1rea, favorece a durabilidade da instala\u00e7\u00e3o e transmite mais tranquilidade para quem precisa proteger pessoas e ambientes. Onde a rede de prote\u00e7\u00e3o sob medida pode ser aplicada A versatilidade \u00e9 uma das grandes vantagens da rede de prote\u00e7\u00e3o sob medida. Ela pode ser utilizada em diferentes contextos, sempre com foco em seguran\u00e7a, funcionalidade e adapta\u00e7\u00e3o ao espa\u00e7o dispon\u00edvel. Isso faz com que a solu\u00e7\u00e3o atenda tanto clientes residenciais quanto demandas de condom\u00ednios e institui\u00e7\u00f5es. Entre as aplica\u00e7\u00f5es mais comuns, est\u00e3o: Essa variedade mostra como a rede de prote\u00e7\u00e3o sob medida se encaixa em projetos com necessidades distintas. Em todos esses cen\u00e1rios, o mais importante \u00e9 avaliar o ambiente com aten\u00e7\u00e3o e definir uma instala\u00e7\u00e3o que acompanhe a estrutura com seguran\u00e7a e bom acabamento. Como comprar telas para cercar s\u00edtio sem errar&nbsp; JLM Telas: experi\u00eancia pr\u00e1tica para projetos personalizados A JLM Comercio e Servi\u00e7os Ltda tem 10 anos de atua\u00e7\u00e3o e construiu sua trajet\u00f3ria com foco em seguran\u00e7a, prote\u00e7\u00e3o e manuten\u00e7\u00e3o de estruturas. Ao longo desse per\u00edodo, a empresa consolidou sua presen\u00e7a no mercado com solu\u00e7\u00f5es voltadas a condom\u00ednios, escolas, centros esportivos e tamb\u00e9m clientes residenciais. Hoje, a JLM Telas se destaca especialmente pela for\u00e7a na presta\u00e7\u00e3o de servi\u00e7os. Isso significa entender a rotina dos espa\u00e7os, avaliar cada demanda com aten\u00e7\u00e3o e oferecer uma solu\u00e7\u00e3o ajustada ao contexto de uso. Em projetos com rede de prote\u00e7\u00e3o sob medida, essa vis\u00e3o pr\u00e1tica \u00e9 essencial para entregar um resultado confi\u00e1vel. Entre os diferenciais da empresa est\u00e3o o atendimento \u00e1gil, a adapta\u00e7\u00e3o ao projeto, a qualidade dos materiais e a instala\u00e7\u00e3o profissional. Soma-se a isso uma comunica\u00e7\u00e3o pr\u00f3xima e consultiva, que ajuda o cliente a entender melhor o servi\u00e7o e a escolher uma solu\u00e7\u00e3o adequada para o ambiente que precisa proteger. Como funciona o trabalho da JLM Telas com rede de prote\u00e7\u00e3o sob medida Um projeto de rede de prote\u00e7\u00e3o sob medida come\u00e7a com a leitura correta do espa\u00e7o. A JLM Telas avalia o ambiente, entende a necessidade do cliente e observa fatores como dimens\u00f5es, formato da estrutura e rotina de uso. Essa etapa inicial \u00e9 importante para definir a solu\u00e7\u00e3o com mais seguran\u00e7a. O trabalho costuma seguir um fluxo organizado, que inclui: Esse processo d\u00e1 mais clareza para o cliente e reduz falhas de execu\u00e7\u00e3o. Quando cada etapa \u00e9 respeitada, a rede de prote\u00e7\u00e3o sob medida tende a apresentar melhor desempenho, acabamento mais alinhado ao ambiente e uma instala\u00e7\u00e3o que responde melhor \u00e0s exig\u00eancias do espa\u00e7o. Arame revestido: quais os benef\u00edcios e onde comprar&nbsp; Vantagens da rede de prote\u00e7\u00e3o sob medida para cada tipo de ambiente A rede de prote\u00e7\u00e3o sob medida atende realidades diferentes sem perder efici\u00eancia. Em resid\u00eancias, ela ajuda a proteger janelas, varandas e escadas. Em escolas e condom\u00ednios, contribui para a seguran\u00e7a de \u00e1reas comuns e pontos de circula\u00e7\u00e3o. Em quadras e espa\u00e7os esportivos, auxilia na conten\u00e7\u00e3o e no uso mais seguro do local. Entre as principais vantagens, vale destacar: Esses benef\u00edcios explicam por que a rede de prote\u00e7\u00e3o sob medida \u00e9 cada vez mais procurada em projetos que exigem prote\u00e7\u00e3o com adapta\u00e7\u00e3o exata. Quando o projeto acompanha o espa\u00e7o, o resultado costuma ser mais funcional, mais discreto e mais dur\u00e1vel. Ambientes coletivos exigem uma solu\u00e7\u00e3o t\u00e9cnica e confi\u00e1vel Condom\u00ednios, escolas e centros esportivos lidam com circula\u00e7\u00e3o constante de pessoas e precisam manter a rotina funcionando com seguran\u00e7a. Nesses locais, a prote\u00e7\u00e3o de \u00e1reas comuns deve ser pensada com responsabilidade, agilidade e aten\u00e7\u00e3o \u00e0 estrutura existente. Cada detalhe influencia no uso pr\u00e1tico do espa\u00e7o. A rede de prote\u00e7\u00e3o sob medida ajuda a proteger pontos estrat\u00e9gicos sem comprometer a funcionalidade do ambiente. Ela pode ser aplicada em corredores, quadras, escadas, janelas, sacadas e outras \u00e1reas que exigem conten\u00e7\u00e3o e seguran\u00e7a, sempre respeitando as caracter\u00edsticas do projeto arquitet\u00f4nico. A JLM Telas atua justamente nesse tipo de demanda com uma abordagem pr\u00e1tica e personalizada. A empresa entende que ambientes coletivos pedem organiza\u00e7\u00e3o, rapidez e execu\u00e7\u00e3o correta. Por isso, oferece solu\u00e7\u00f5es alinhadas ao dia a dia de institui\u00e7\u00f5es e condom\u00ednios que precisam de prote\u00e7\u00e3o com confian\u00e7a. Onde encontrar instala\u00e7\u00e3o de rede de prote\u00e7\u00e3o em S\u00e3o Paulo&nbsp; Rede de prote\u00e7\u00e3o sob medida com instala\u00e7\u00e3o profissional faz diferen\u00e7a Ao longo de todo o projeto, fica claro que a rede de prote\u00e7\u00e3o sob medida<\/p>\n","protected":false},"author":1,"featured_media":3878,"comment_status":"open","ping_status":"open","sticky":false,"template":"","format":"standard","meta":{"footnotes":""},"categories":[2809],"tags":[3347,5003,3995,4975,4974,4976,4977,3057,2494,4989,4991,4990,4985,4996,4994,4999,4986,4984,4987,4982,4323,5001,4983,4998,4738,4744,4980,4973,3064,4981,3065,3061,4978,4979,4997,3319,3315,3323,3318,3321,3320,3303,3304,5002,3322,3305,3306,3313,3307,3309,3317,3310,3324,3297,4992,4995,3302,5000,3299,3300,4993,4988],"class_list":["post-3876","post","type-post","status-publish","format-standard","has-post-thumbnail","hentry","category-instalacao-de-redes-de-protecao","tag-como-e-feita-a-instalacao-de-rede-de-protecao","tag-como-pedir-orcamento-de-rede-de-protecao-sob-medida","tag-empresa-de-rede-de-protecao","tag-empresa-de-rede-de-protecao-sob-medida","tag-fabrica-de-rede-de-protecao-sob-medida","tag-fabricante-de-rede-de-protecao-sob-medida","tag-fornecedor-de-rede-de-protecao-sob-medida","tag-instalacao-de-rede-de-protecao","tag-jlm-telas","tag-o-que-e-rede-de-protecao-sob-medida","tag-onde-instalar-rede-de-protecao-sob-medida","tag-projeto-de-rede-de-protecao","tag-protecao-para-areas-comuns","tag-qual-a-vantagem-da-rede-de-protecao-personalizada","tag-quanto-custa-rede-de-protecao-sob-medida","tag-quem-instala-rede-de-protecao-sob-medida","tag-rede-de-nylon-de-protecao","tag-rede-de-protecao-com-instalacao","tag-rede-de-protecao-comercial","tag-rede-de-protecao-em-condominio","tag-rede-de-protecao-para-apartamento","tag-rede-de-protecao-para-condominio-como-escolher","tag-rede-de-protecao-para-escola","tag-rede-de-protecao-para-escola-onde-aplicar","tag-rede-de-protecao-para-janela","tag-rede-de-protecao-para-mezanino","tag-rede-de-protecao-para-quadra","tag-rede-de-protecao-para-sacada","tag-rede-de-protecao-para-varanda","tag-rede-de-protecao-personalizada","tag-rede-de-protecao-residencial","tag-rede-de-protecao-sob-medida","tag-rede-de-protecao-sob-medida-comprar","tag-rede-de-protecao-sob-medida-direto-da-fabrica","tag-rede-de-protecao-sob-medida-dura-quanto-tempo","tag-rede-de-protecao-sob-medida-em-diadema","tag-rede-de-protecao-sob-medida-em-guarulhos","tag-rede-de-protecao-sob-medida-em-osasco","tag-rede-de-protecao-sob-medida-em-santo-andre","tag-rede-de-protecao-sob-medida-em-sao-bernardo","tag-rede-de-protecao-sob-medida-em-sao-caetano","tag-rede-de-protecao-sob-medida-em-sao-paulo","tag-rede-de-protecao-sob-medida-em-sp","tag-rede-de-protecao-sob-medida-melhora-o-acabamento","tag-rede-de-protecao-sob-medida-na-baixada-santista","tag-rede-de-protecao-sob-medida-na-vila-inacio","tag-rede-de-protecao-sob-medida-na-zona-leste","tag-rede-de-protecao-sob-medida-na-zona-norte","tag-rede-de-protecao-sob-medida-na-zona-oeste","tag-rede-de-protecao-sob-medida-na-zona-sul","tag-rede-de-protecao-sob-medida-no-abc","tag-rede-de-protecao-sob-medida-no-centro","tag-rede-de-protecao-sob-medida-no-litoral","tag-rede-de-protecao-sob-medida-onde-encontrar","tag-rede-de-protecao-sob-medida-para-janela-e-segura","tag-rede-de-protecao-sob-medida-para-sacada-funciona","tag-rede-de-protecao-sob-medida-perto-de-mim","tag-rede-de-protecao-sob-medida-precisa-de-manutencao","tag-rede-de-protecao-sob-medida-preco","tag-rede-de-protecao-sob-medida-proximo-a-mim","tag-rede-de-protecao-sob-medida-vale-a-pena","tag-seguranca-com-rede-de-protecao"],"yoast_head":"<!-- This site is optimized with the Yoast SEO plugin v26.5 - https:\/\/yoast.com\/wordpress\/plugins\/seo\/ -->\n<title>Rede de prote\u00e7\u00e3o sob medida: ajuste perfeito para seu espa\u00e7o - Blog<\/title>\n<meta name=\"description\" content=\"Encontre rede de prote\u00e7\u00e3o sob medida com instala\u00e7\u00e3o profissional, ajuste preciso e mais seguran\u00e7a para condom\u00ednios, escolas e resid\u00eancias.\" \/>\n<meta name=\"robots\" content=\"index, follow, max-snippet:-1, max-image-preview:large, max-video-preview:-1\" \/>\n<link rel=\"canonical\" href=\"https:\/\/www.jlmtelas.com.br\/blog\/rede-de-protecao-sob-medida-ajuste-perfeito-para-seu-espaco\/\" \/>\n<meta property=\"og:locale\" content=\"pt_BR\" \/>\n<meta property=\"og:type\" content=\"article\" \/>\n<meta property=\"og:title\" content=\"Rede de prote\u00e7\u00e3o sob medida: ajuste perfeito para seu espa\u00e7o - Blog\" \/>\n<meta property=\"og:description\" content=\"Encontre rede de prote\u00e7\u00e3o sob medida com instala\u00e7\u00e3o profissional, ajuste preciso e mais seguran\u00e7a para condom\u00ednios, escolas e resid\u00eancias.\" \/>\n<meta property=\"og:url\" content=\"https:\/\/www.jlmtelas.com.br\/blog\/rede-de-protecao-sob-medida-ajuste-perfeito-para-seu-espaco\/\" \/>\n<meta property=\"og:site_name\" content=\"Blog\" \/>\n<meta property=\"article:published_time\" content=\"2026-05-18T18:04:03+00:00\" \/>\n<meta property=\"article:modified_time\" content=\"2026-05-18T18:04:05+00:00\" \/>\n<meta property=\"og:image\" content=\"https:\/\/www.jlmtelas.com.br\/blog\/wp-content\/uploads\/2026\/05\/f68d15ad-3818-4cd0-b608-49e27a16b5fc.jpg\" \/>\n\t<meta property=\"og:image:width\" content=\"1672\" \/>\n\t<meta property=\"og:image:height\" content=\"941\" \/>\n\t<meta property=\"og:image:type\" content=\"image\/jpeg\" \/>\n<meta name=\"author\" content=\"admin\" \/>\n<meta name=\"twitter:card\" content=\"summary_large_image\" \/>\n<meta name=\"twitter:label1\" content=\"Written by\" \/>\n\t<meta name=\"twitter:data1\" content=\"admin\" \/>\n\t<meta name=\"twitter:label2\" content=\"Est. reading time\" \/>\n\t<meta name=\"twitter:data2\" content=\"8 minutos\" \/>\n<script type=\"application\/ld+json\" class=\"yoast-schema-graph\">{\"@context\":\"https:\/\/schema.org\",\"@graph\":[{\"@type\":\"Article\",\"@id\":\"https:\/\/www.jlmtelas.com.br\/blog\/rede-de-protecao-sob-medida-ajuste-perfeito-para-seu-espaco\/#article\",\"isPartOf\":{\"@id\":\"https:\/\/www.jlmtelas.com.br\/blog\/rede-de-protecao-sob-medida-ajuste-perfeito-para-seu-espaco\/\"},\"author\":{\"name\":\"admin\",\"@id\":\"https:\/\/www.jlmtelas.com.br\/blog\/#\/schema\/person\/f18a21b444b0e0928689bc1eae7be951\"},\"headline\":\"Rede de prote\u00e7\u00e3o sob medida: ajuste perfeito para seu espa\u00e7o\",\"datePublished\":\"2026-05-18T18:04:03+00:00\",\"dateModified\":\"2026-05-18T18:04:05+00:00\",\"mainEntityOfPage\":{\"@id\":\"https:\/\/www.jlmtelas.com.br\/blog\/rede-de-protecao-sob-medida-ajuste-perfeito-para-seu-espaco\/\"},\"wordCount\":1408,\"commentCount\":0,\"publisher\":{\"@id\":\"https:\/\/www.jlmtelas.com.br\/blog\/#organization\"},\"image\":{\"@id\":\"https:\/\/www.jlmtelas.com.br\/blog\/rede-de-protecao-sob-medida-ajuste-perfeito-para-seu-espaco\/#primaryimage\"},\"thumbnailUrl\":\"https:\/\/www.jlmtelas.com.br\/blog\/wp-content\/uploads\/2026\/05\/f68d15ad-3818-4cd0-b608-49e27a16b5fc.jpg\",\"keywords\":[\"como \u00e9 feita a instala\u00e7\u00e3o de rede de prote\u00e7\u00e3o?\",\"como pedir or\u00e7amento de rede de prote\u00e7\u00e3o sob medida?\",\"empresa de rede de prote\u00e7\u00e3o\",\"empresa de rede de prote\u00e7\u00e3o sob medida\",\"f\u00e1brica de rede de prote\u00e7\u00e3o sob medida\",\"fabricante de rede de prote\u00e7\u00e3o sob medida\",\"fornecedor de rede de prote\u00e7\u00e3o sob medida\",\"instala\u00e7\u00e3o de rede de prote\u00e7\u00e3o\",\"JLM Telas\",\"o que \u00e9 rede de prote\u00e7\u00e3o sob medida?\",\"onde instalar rede de prote\u00e7\u00e3o sob medida?\",\"projeto de rede de prote\u00e7\u00e3o\",\"prote\u00e7\u00e3o para \u00e1reas comuns\",\"qual a vantagem da rede de prote\u00e7\u00e3o personalizada?\",\"quanto custa rede de prote\u00e7\u00e3o sob medida?\",\"quem instala rede de prote\u00e7\u00e3o sob medida?\",\"rede de nylon de prote\u00e7\u00e3o\",\"rede de prote\u00e7\u00e3o com instala\u00e7\u00e3o\",\"rede de prote\u00e7\u00e3o comercial\",\"rede de prote\u00e7\u00e3o em condom\u00ednio\",\"rede de prote\u00e7\u00e3o para apartamento\",\"rede de prote\u00e7\u00e3o para condom\u00ednio como escolher?\",\"rede de prote\u00e7\u00e3o para escola\",\"rede de prote\u00e7\u00e3o para escola onde aplicar?\",\"rede de prote\u00e7\u00e3o para janela\",\"rede de prote\u00e7\u00e3o para mezanino\",\"rede de prote\u00e7\u00e3o para quadra\",\"rede de prote\u00e7\u00e3o para sacada\",\"rede de prote\u00e7\u00e3o para varanda\",\"rede de prote\u00e7\u00e3o personalizada\",\"rede de prote\u00e7\u00e3o residencial\",\"rede de prote\u00e7\u00e3o sob medida\",\"rede de prote\u00e7\u00e3o sob medida comprar\",\"rede de prote\u00e7\u00e3o sob medida direto da fabrica\",\"rede de prote\u00e7\u00e3o sob medida dura quanto tempo?\",\"rede de prote\u00e7\u00e3o sob medida em Diadema\",\"rede de prote\u00e7\u00e3o sob medida em Guarulhos\",\"rede de prote\u00e7\u00e3o sob medida em Osasco\",\"rede de prote\u00e7\u00e3o sob medida em Santo Andr\u00e9\",\"rede de prote\u00e7\u00e3o sob medida em S\u00e3o Bernardo\",\"rede de prote\u00e7\u00e3o sob medida em S\u00e3o Caetano\",\"rede de prote\u00e7\u00e3o sob medida em s\u00e3o paulo\",\"rede de prote\u00e7\u00e3o sob medida em sp\",\"rede de prote\u00e7\u00e3o sob medida melhora o acabamento?\",\"rede de prote\u00e7\u00e3o sob medida na baixada santista\",\"rede de prote\u00e7\u00e3o sob medida na vila inacio\",\"rede de prote\u00e7\u00e3o sob medida na zona leste\",\"rede de prote\u00e7\u00e3o sob medida na zona norte\",\"rede de prote\u00e7\u00e3o sob medida na zona oeste\",\"rede de prote\u00e7\u00e3o sob medida na zona sul\",\"rede de prote\u00e7\u00e3o sob medida no ABC\",\"rede de prote\u00e7\u00e3o sob medida no centro\",\"rede de prote\u00e7\u00e3o sob medida no litoral\",\"rede de prote\u00e7\u00e3o sob medida onde encontrar\",\"rede de prote\u00e7\u00e3o sob medida para janela \u00e9 segura?\",\"rede de prote\u00e7\u00e3o sob medida para sacada funciona?\",\"rede de prote\u00e7\u00e3o sob medida perto de mim\",\"rede de prote\u00e7\u00e3o sob medida precisa de manuten\u00e7\u00e3o?\",\"rede de prote\u00e7\u00e3o sob medida pre\u00e7o\",\"rede de prote\u00e7\u00e3o sob medida pr\u00f3ximo a mim\",\"rede de prote\u00e7\u00e3o sob medida vale a pena?\",\"seguran\u00e7a com rede de prote\u00e7\u00e3o\"],\"articleSection\":[\"Instala\u00e7\u00e3o de Redes de Prote\u00e7\u00e3o\"],\"inLanguage\":\"pt-BR\",\"potentialAction\":[{\"@type\":\"CommentAction\",\"name\":\"Comment\",\"target\":[\"https:\/\/www.jlmtelas.com.br\/blog\/rede-de-protecao-sob-medida-ajuste-perfeito-para-seu-espaco\/#respond\"]}]},{\"@type\":\"WebPage\",\"@id\":\"https:\/\/www.jlmtelas.com.br\/blog\/rede-de-protecao-sob-medida-ajuste-perfeito-para-seu-espaco\/\",\"url\":\"https:\/\/www.jlmtelas.com.br\/blog\/rede-de-protecao-sob-medida-ajuste-perfeito-para-seu-espaco\/\",\"name\":\"Rede de prote\u00e7\u00e3o sob medida: ajuste perfeito para seu espa\u00e7o - Blog\",\"isPartOf\":{\"@id\":\"https:\/\/www.jlmtelas.com.br\/blog\/#website\"},\"primaryImageOfPage\":{\"@id\":\"https:\/\/www.jlmtelas.com.br\/blog\/rede-de-protecao-sob-medida-ajuste-perfeito-para-seu-espaco\/#primaryimage\"},\"image\":{\"@id\":\"https:\/\/www.jlmtelas.com.br\/blog\/rede-de-protecao-sob-medida-ajuste-perfeito-para-seu-espaco\/#primaryimage\"},\"thumbnailUrl\":\"https:\/\/www.jlmtelas.com.br\/blog\/wp-content\/uploads\/2026\/05\/f68d15ad-3818-4cd0-b608-49e27a16b5fc.jpg\",\"datePublished\":\"2026-05-18T18:04:03+00:00\",\"dateModified\":\"2026-05-18T18:04:05+00:00\",\"description\":\"Encontre rede de prote\u00e7\u00e3o sob medida com instala\u00e7\u00e3o profissional, ajuste preciso e mais seguran\u00e7a para condom\u00ednios, escolas e resid\u00eancias.\",\"breadcrumb\":{\"@id\":\"https:\/\/www.jlmtelas.com.br\/blog\/rede-de-protecao-sob-medida-ajuste-perfeito-para-seu-espaco\/#breadcrumb\"},\"inLanguage\":\"pt-BR\",\"potentialAction\":[{\"@type\":\"ReadAction\",\"target\":[\"https:\/\/www.jlmtelas.com.br\/blog\/rede-de-protecao-sob-medida-ajuste-perfeito-para-seu-espaco\/\"]}]},{\"@type\":\"ImageObject\",\"inLanguage\":\"pt-BR\",\"@id\":\"https:\/\/www.jlmtelas.com.br\/blog\/rede-de-protecao-sob-medida-ajuste-perfeito-para-seu-espaco\/#primaryimage\",\"url\":\"https:\/\/www.jlmtelas.com.br\/blog\/wp-content\/uploads\/2026\/05\/f68d15ad-3818-4cd0-b608-49e27a16b5fc.jpg\",\"contentUrl\":\"https:\/\/www.jlmtelas.com.br\/blog\/wp-content\/uploads\/2026\/05\/f68d15ad-3818-4cd0-b608-49e27a16b5fc.jpg\",\"width\":1672,\"height\":941,\"caption\":\"Rede de prote\u00e7\u00e3o sob medida: ajuste perfeito para seu espa\u00e7o\"},{\"@type\":\"BreadcrumbList\",\"@id\":\"https:\/\/www.jlmtelas.com.br\/blog\/rede-de-protecao-sob-medida-ajuste-perfeito-para-seu-espaco\/#breadcrumb\",\"itemListElement\":[{\"@type\":\"ListItem\",\"position\":1,\"name\":\"In\u00edcio\",\"item\":\"https:\/\/www.jlmtelas.com.br\/blog\/\"},{\"@type\":\"ListItem\",\"position\":2,\"name\":\"Rede de prote\u00e7\u00e3o sob medida: ajuste perfeito para seu espa\u00e7o\"}]},{\"@type\":\"WebSite\",\"@id\":\"https:\/\/www.jlmtelas.com.br\/blog\/#website\",\"url\":\"https:\/\/www.jlmtelas.com.br\/blog\/\",\"name\":\"Blog\",\"description\":\"\",\"publisher\":{\"@id\":\"https:\/\/www.jlmtelas.com.br\/blog\/#organization\"},\"potentialAction\":[{\"@type\":\"SearchAction\",\"target\":{\"@type\":\"EntryPoint\",\"urlTemplate\":\"https:\/\/www.jlmtelas.com.br\/blog\/?s={search_term_string}\"},\"query-input\":{\"@type\":\"PropertyValueSpecification\",\"valueRequired\":true,\"valueName\":\"search_term_string\"}}],\"inLanguage\":\"pt-BR\"},{\"@type\":\"Organization\",\"@id\":\"https:\/\/www.jlmtelas.com.br\/blog\/#organization\",\"name\":\"Blog\",\"url\":\"https:\/\/www.jlmtelas.com.br\/blog\/\",\"logo\":{\"@type\":\"ImageObject\",\"inLanguage\":\"pt-BR\",\"@id\":\"https:\/\/www.jlmtelas.com.br\/blog\/#\/schema\/logo\/image\/\",\"url\":\"https:\/\/www.jlmtelas.com.br\/blog\/wp-content\/uploads\/2025\/12\/logo.png\",\"contentUrl\":\"https:\/\/www.jlmtelas.com.br\/blog\/wp-content\/uploads\/2025\/12\/logo.png\",\"width\":300,\"height\":270,\"caption\":\"Blog\"},\"image\":{\"@id\":\"https:\/\/www.jlmtelas.com.br\/blog\/#\/schema\/logo\/image\/\"}},{\"@type\":\"Person\",\"@id\":\"https:\/\/www.jlmtelas.com.br\/blog\/#\/schema\/person\/f18a21b444b0e0928689bc1eae7be951\",\"name\":\"admin\",\"image\":{\"@type\":\"ImageObject\",\"inLanguage\":\"pt-BR\",\"@id\":\"https:\/\/www.jlmtelas.com.br\/blog\/#\/schema\/person\/image\/\",\"url\":\"https:\/\/secure.gravatar.com\/avatar\/d2abb7e535a7590a6f9b76c75c90ec5441db3a04a205e6d66ecabfb80081f172?s=96&d=mm&r=g\",\"contentUrl\":\"https:\/\/secure.gravatar.com\/avatar\/d2abb7e535a7590a6f9b76c75c90ec5441db3a04a205e6d66ecabfb80081f172?s=96&d=mm&r=g\",\"caption\":\"admin\"},\"sameAs\":[\"https:\/\/www.jlmtelas.com.br\/blog\"],\"url\":\"https:\/\/www.jlmtelas.com.br\/blog\/author\/admin\/\"}]}<\/script>\n<!-- \/ Yoast SEO plugin. -->","yoast_head_json":{"title":"Rede de prote\u00e7\u00e3o sob medida: ajuste perfeito para seu espa\u00e7o - Blog","description":"Encontre rede de prote\u00e7\u00e3o sob medida com instala\u00e7\u00e3o profissional, ajuste preciso e mais seguran\u00e7a para condom\u00ednios, escolas e resid\u00eancias.","robots":{"index":"index","follow":"follow","max-snippet":"max-snippet:-1","max-image-preview":"max-image-preview:large","max-video-preview":"max-video-preview:-1"},"canonical":"https:\/\/www.jlmtelas.com.br\/blog\/rede-de-protecao-sob-medida-ajuste-perfeito-para-seu-espaco\/","og_locale":"pt_BR","og_type":"article","og_title":"Rede de prote\u00e7\u00e3o sob medida: ajuste perfeito para seu espa\u00e7o - Blog","og_description":"Encontre rede de prote\u00e7\u00e3o sob medida com instala\u00e7\u00e3o profissional, ajuste preciso e mais seguran\u00e7a para condom\u00ednios, escolas e resid\u00eancias.","og_url":"https:\/\/www.jlmtelas.com.br\/blog\/rede-de-protecao-sob-medida-ajuste-perfeito-para-seu-espaco\/","og_site_name":"Blog","article_published_time":"2026-05-18T18:04:03+00:00","article_modified_time":"2026-05-18T18:04:05+00:00","og_image":[{"width":1672,"height":941,"url":"https:\/\/www.jlmtelas.com.br\/blog\/wp-content\/uploads\/2026\/05\/f68d15ad-3818-4cd0-b608-49e27a16b5fc.jpg","type":"image\/jpeg"}],"author":"admin","twitter_card":"summary_large_image","twitter_misc":{"Written by":"admin","Est. reading time":"8 minutos"},"schema":{"@context":"https:\/\/schema.org","@graph":[{"@type":"Article","@id":"https:\/\/www.jlmtelas.com.br\/blog\/rede-de-protecao-sob-medida-ajuste-perfeito-para-seu-espaco\/#article","isPartOf":{"@id":"https:\/\/www.jlmtelas.com.br\/blog\/rede-de-protecao-sob-medida-ajuste-perfeito-para-seu-espaco\/"},"author":{"name":"admin","@id":"https:\/\/www.jlmtelas.com.br\/blog\/#\/schema\/person\/f18a21b444b0e0928689bc1eae7be951"},"headline":"Rede de prote\u00e7\u00e3o sob medida: ajuste perfeito para seu espa\u00e7o","datePublished":"2026-05-18T18:04:03+00:00","dateModified":"2026-05-18T18:04:05+00:00","mainEntityOfPage":{"@id":"https:\/\/www.jlmtelas.com.br\/blog\/rede-de-protecao-sob-medida-ajuste-perfeito-para-seu-espaco\/"},"wordCount":1408,"commentCount":0,"publisher":{"@id":"https:\/\/www.jlmtelas.com.br\/blog\/#organization"},"image":{"@id":"https:\/\/www.jlmtelas.com.br\/blog\/rede-de-protecao-sob-medida-ajuste-perfeito-para-seu-espaco\/#primaryimage"},"thumbnailUrl":"https:\/\/www.jlmtelas.com.br\/blog\/wp-content\/uploads\/2026\/05\/f68d15ad-3818-4cd0-b608-49e27a16b5fc.jpg","keywords":["como \u00e9 feita a instala\u00e7\u00e3o de rede de prote\u00e7\u00e3o?","como pedir or\u00e7amento de rede de prote\u00e7\u00e3o sob medida?","empresa de rede de prote\u00e7\u00e3o","empresa de rede de prote\u00e7\u00e3o sob medida","f\u00e1brica de rede de prote\u00e7\u00e3o sob medida","fabricante de rede de prote\u00e7\u00e3o sob medida","fornecedor de rede de prote\u00e7\u00e3o sob medida","instala\u00e7\u00e3o de rede de prote\u00e7\u00e3o","JLM Telas","o que \u00e9 rede de prote\u00e7\u00e3o sob medida?","onde instalar rede de prote\u00e7\u00e3o sob medida?","projeto de rede de prote\u00e7\u00e3o","prote\u00e7\u00e3o para \u00e1reas comuns","qual a vantagem da rede de prote\u00e7\u00e3o personalizada?","quanto custa rede de prote\u00e7\u00e3o sob medida?","quem instala rede de prote\u00e7\u00e3o sob medida?","rede de nylon de prote\u00e7\u00e3o","rede de prote\u00e7\u00e3o com instala\u00e7\u00e3o","rede de prote\u00e7\u00e3o comercial","rede de prote\u00e7\u00e3o em condom\u00ednio","rede de prote\u00e7\u00e3o para apartamento","rede de prote\u00e7\u00e3o para condom\u00ednio como escolher?","rede de prote\u00e7\u00e3o para escola","rede de prote\u00e7\u00e3o para escola onde aplicar?","rede de prote\u00e7\u00e3o para janela","rede de prote\u00e7\u00e3o para mezanino","rede de prote\u00e7\u00e3o para quadra","rede de prote\u00e7\u00e3o para sacada","rede de prote\u00e7\u00e3o para varanda","rede de prote\u00e7\u00e3o personalizada","rede de prote\u00e7\u00e3o residencial","rede de prote\u00e7\u00e3o sob medida","rede de prote\u00e7\u00e3o sob medida comprar","rede de prote\u00e7\u00e3o sob medida direto da fabrica","rede de prote\u00e7\u00e3o sob medida dura quanto tempo?","rede de prote\u00e7\u00e3o sob medida em Diadema","rede de prote\u00e7\u00e3o sob medida em Guarulhos","rede de prote\u00e7\u00e3o sob medida em Osasco","rede de prote\u00e7\u00e3o sob medida em Santo Andr\u00e9","rede de prote\u00e7\u00e3o sob medida em S\u00e3o Bernardo","rede de prote\u00e7\u00e3o sob medida em S\u00e3o Caetano","rede de prote\u00e7\u00e3o sob medida em s\u00e3o paulo","rede de prote\u00e7\u00e3o sob medida em sp","rede de prote\u00e7\u00e3o sob medida melhora o acabamento?","rede de prote\u00e7\u00e3o sob medida na baixada santista","rede de prote\u00e7\u00e3o sob medida na vila inacio","rede de prote\u00e7\u00e3o sob medida na zona leste","rede de prote\u00e7\u00e3o sob medida na zona norte","rede de prote\u00e7\u00e3o sob medida na zona oeste","rede de prote\u00e7\u00e3o sob medida na zona sul","rede de prote\u00e7\u00e3o sob medida no ABC","rede de prote\u00e7\u00e3o sob medida no centro","rede de prote\u00e7\u00e3o sob medida no litoral","rede de prote\u00e7\u00e3o sob medida onde encontrar","rede de prote\u00e7\u00e3o sob medida para janela \u00e9 segura?","rede de prote\u00e7\u00e3o sob medida para sacada funciona?","rede de prote\u00e7\u00e3o sob medida perto de mim","rede de prote\u00e7\u00e3o sob medida precisa de manuten\u00e7\u00e3o?","rede de prote\u00e7\u00e3o sob medida pre\u00e7o","rede de prote\u00e7\u00e3o sob medida pr\u00f3ximo a mim","rede de prote\u00e7\u00e3o sob medida vale a pena?","seguran\u00e7a com rede de prote\u00e7\u00e3o"],"articleSection":["Instala\u00e7\u00e3o de Redes de Prote\u00e7\u00e3o"],"inLanguage":"pt-BR","potentialAction":[{"@type":"CommentAction","name":"Comment","target":["https:\/\/www.jlmtelas.com.br\/blog\/rede-de-protecao-sob-medida-ajuste-perfeito-para-seu-espaco\/#respond"]}]},{"@type":"WebPage","@id":"https:\/\/www.jlmtelas.com.br\/blog\/rede-de-protecao-sob-medida-ajuste-perfeito-para-seu-espaco\/","url":"https:\/\/www.jlmtelas.com.br\/blog\/rede-de-protecao-sob-medida-ajuste-perfeito-para-seu-espaco\/","name":"Rede de prote\u00e7\u00e3o sob medida: ajuste perfeito para seu espa\u00e7o - Blog","isPartOf":{"@id":"https:\/\/www.jlmtelas.com.br\/blog\/#website"},"primaryImageOfPage":{"@id":"https:\/\/www.jlmtelas.com.br\/blog\/rede-de-protecao-sob-medida-ajuste-perfeito-para-seu-espaco\/#primaryimage"},"image":{"@id":"https:\/\/www.jlmtelas.com.br\/blog\/rede-de-protecao-sob-medida-ajuste-perfeito-para-seu-espaco\/#primaryimage"},"thumbnailUrl":"https:\/\/www.jlmtelas.com.br\/blog\/wp-content\/uploads\/2026\/05\/f68d15ad-3818-4cd0-b608-49e27a16b5fc.jpg","datePublished":"2026-05-18T18:04:03+00:00","dateModified":"2026-05-18T18:04:05+00:00","description":"Encontre rede de prote\u00e7\u00e3o sob medida com instala\u00e7\u00e3o profissional, ajuste preciso e mais seguran\u00e7a para condom\u00ednios, escolas e resid\u00eancias.","breadcrumb":{"@id":"https:\/\/www.jlmtelas.com.br\/blog\/rede-de-protecao-sob-medida-ajuste-perfeito-para-seu-espaco\/#breadcrumb"},"inLanguage":"pt-BR","potentialAction":[{"@type":"ReadAction","target":["https:\/\/www.jlmtelas.com.br\/blog\/rede-de-protecao-sob-medida-ajuste-perfeito-para-seu-espaco\/"]}]},{"@type":"ImageObject","inLanguage":"pt-BR","@id":"https:\/\/www.jlmtelas.com.br\/blog\/rede-de-protecao-sob-medida-ajuste-perfeito-para-seu-espaco\/#primaryimage","url":"https:\/\/www.jlmtelas.com.br\/blog\/wp-content\/uploads\/2026\/05\/f68d15ad-3818-4cd0-b608-49e27a16b5fc.jpg","contentUrl":"https:\/\/www.jlmtelas.com.br\/blog\/wp-content\/uploads\/2026\/05\/f68d15ad-3818-4cd0-b608-49e27a16b5fc.jpg","width":1672,"height":941,"caption":"Rede de prote\u00e7\u00e3o sob medida: ajuste perfeito para seu espa\u00e7o"},{"@type":"BreadcrumbList","@id":"https:\/\/www.jlmtelas.com.br\/blog\/rede-de-protecao-sob-medida-ajuste-perfeito-para-seu-espaco\/#breadcrumb","itemListElement":[{"@type":"ListItem","position":1,"name":"In\u00edcio","item":"https:\/\/www.jlmtelas.com.br\/blog\/"},{"@type":"ListItem","position":2,"name":"Rede de prote\u00e7\u00e3o sob medida: ajuste perfeito para seu espa\u00e7o"}]},{"@type":"WebSite","@id":"https:\/\/www.jlmtelas.com.br\/blog\/#website","url":"https:\/\/www.jlmtelas.com.br\/blog\/","name":"Blog","description":"","publisher":{"@id":"https:\/\/www.jlmtelas.com.br\/blog\/#organization"},"potentialAction":[{"@type":"SearchAction","target":{"@type":"EntryPoint","urlTemplate":"https:\/\/www.jlmtelas.com.br\/blog\/?s={search_term_string}"},"query-input":{"@type":"PropertyValueSpecification","valueRequired":true,"valueName":"search_term_string"}}],"inLanguage":"pt-BR"},{"@type":"Organization","@id":"https:\/\/www.jlmtelas.com.br\/blog\/#organization","name":"Blog","url":"https:\/\/www.jlmtelas.com.br\/blog\/","logo":{"@type":"ImageObject","inLanguage":"pt-BR","@id":"https:\/\/www.jlmtelas.com.br\/blog\/#\/schema\/logo\/image\/","url":"https:\/\/www.jlmtelas.com.br\/blog\/wp-content\/uploads\/2025\/12\/logo.png","contentUrl":"https:\/\/www.jlmtelas.com.br\/blog\/wp-content\/uploads\/2025\/12\/logo.png","width":300,"height":270,"caption":"Blog"},"image":{"@id":"https:\/\/www.jlmtelas.com.br\/blog\/#\/schema\/logo\/image\/"}},{"@type":"Person","@id":"https:\/\/www.jlmtelas.com.br\/blog\/#\/schema\/person\/f18a21b444b0e0928689bc1eae7be951","name":"admin","image":{"@type":"ImageObject","inLanguage":"pt-BR","@id":"https:\/\/www.jlmtelas.com.br\/blog\/#\/schema\/person\/image\/","url":"https:\/\/secure.gravatar.com\/avatar\/d2abb7e535a7590a6f9b76c75c90ec5441db3a04a205e6d66ecabfb80081f172?s=96&d=mm&r=g","contentUrl":"https:\/\/secure.gravatar.com\/avatar\/d2abb7e535a7590a6f9b76c75c90ec5441db3a04a205e6d66ecabfb80081f172?s=96&d=mm&r=g","caption":"admin"},"sameAs":["https:\/\/www.jlmtelas.com.br\/blog"],"url":"https:\/\/www.jlmtelas.com.br\/blog\/author\/admin\/"}]}},"_links":{"self":[{"href":"https:\/\/www.jlmtelas.com.br\/blog\/wp-json\/wp\/v2\/posts\/3876","targetHints":{"allow":["GET"]}}],"collection":[{"href":"https:\/\/www.jlmtelas.com.br\/blog\/wp-json\/wp\/v2\/posts"}],"about":[{"href":"https:\/\/www.jlmtelas.com.br\/blog\/wp-json\/wp\/v2\/types\/post"}],"author":[{"embeddable":true,"href":"https:\/\/www.jlmtelas.com.br\/blog\/wp-json\/wp\/v2\/users\/1"}],"replies":[{"embeddable":true,"href":"https:\/\/www.jlmtelas.com.br\/blog\/wp-json\/wp\/v2\/comments?post=3876"}],"version-history":[{"count":1,"href":"https:\/\/www.jlmtelas.com.br\/blog\/wp-json\/wp\/v2\/posts\/3876\/revisions"}],"predecessor-version":[{"id":3879,"href":"https:\/\/www.jlmtelas.com.br\/blog\/wp-json\/wp\/v2\/posts\/3876\/revisions\/3879"}],"wp:featuredmedia":[{"embeddable":true,"href":"https:\/\/www.jlmtelas.com.br\/blog\/wp-json\/wp\/v2\/media\/3878"}],"wp:attachment":[{"href":"https:\/\/www.jlmtelas.com.br\/blog\/wp-json\/wp\/v2\/media?parent=3876"}],"wp:term":[{"taxonomy":"category","embeddable":true,"href":"https:\/\/www.jlmtelas.com.br\/blog\/wp-json\/wp\/v2\/categories?post=3876"},{"taxonomy":"post_tag","embeddable":true,"href":"https:\/\/www.jlmtelas.com.br\/blog\/wp-json\/wp\/v2\/tags?post=3876"}],"curies":[{"name":"wp","href":"https:\/\/api.w.org\/{rel}","templated":true}]}}