{"id":3899,"date":"2026-07-02T10:17:45","date_gmt":"2026-07-02T13:17:45","guid":{"rendered":"https:\/\/www.jlmtelas.com.br\/blog\/?p=3899"},"modified":"2026-07-02T10:19:51","modified_gmt":"2026-07-02T13:19:51","slug":"rede-de-nylon-para-varanda-protecao-sob-medida-para-o-seu-projeto","status":"publish","type":"post","link":"https:\/\/www.jlmtelas.com.br\/blog\/rede-de-nylon-para-varanda-protecao-sob-medida-para-o-seu-projeto\/","title":{"rendered":"Rede de nylon para varanda: prote\u00e7\u00e3o sob medida para o seu projeto"},"content":{"rendered":"<span class=\"span-reading-time rt-reading-time\" style=\"display: block;\"><span class=\"rt-label rt-prefix\">Tempo de leitura:<\/span> <span class=\"rt-time\"> 4<\/span> <span class=\"rt-label rt-postfix\">minutos<\/span><\/span>\n<p class=\"has-medium-font-size\"><strong><em>Rede de nylon para varanda com prote\u00e7\u00e3o discreta, resistente e sob medida para projetos residenciais e comerciais.&nbsp;<\/em><\/strong><\/p>\n\n\n\n<p>Quando o assunto \u00e9 seguran\u00e7a em \u00e1reas elevadas, a escolha da solu\u00e7\u00e3o faz toda a diferen\u00e7a. A <strong>rede de nylon para varanda<\/strong> ganhou espa\u00e7o justamente por reunir prote\u00e7\u00e3o, discri\u00e7\u00e3o visual e adapta\u00e7\u00e3o a diferentes tipos de projeto.<\/p>\n\n\n\n<p>Em apartamentos, casas, coberturas e at\u00e9 espa\u00e7os comerciais, ela funciona como uma barreira eficiente sem transformar o ambiente em algo pesado ou visualmente fechado. Isso pesa muito na decis\u00e3o de quem quer proteger o espa\u00e7o, mas sem abrir m\u00e3o da est\u00e9tica.<\/p>\n\n\n\n<p>Outro ponto importante \u00e9 a flexibilidade. A <strong>rede de prote\u00e7\u00e3o em nylon<\/strong> se ajusta a medidas variadas e atende projetos que pedem um acabamento mais limpo, funcional e dur\u00e1vel.<\/p>\n\n\n\n<h2 class=\"wp-block-heading\"><strong>Por que a rede de nylon para varanda se destaca<\/strong><\/h2>\n\n\n\n<p>A principal vantagem da <strong>rede de nylon para varanda<\/strong> est\u00e1 na combina\u00e7\u00e3o entre resist\u00eancia e leveza. O material foi pensado para suportar impactos, exposi\u00e7\u00e3o ao tempo e uso cont\u00ednuo sem perder sua fun\u00e7\u00e3o de prote\u00e7\u00e3o.<\/p>\n\n\n\n<p>Em vez de criar uma barreira r\u00edgida e visualmente invasiva, a rede acompanha a estrutura do local e preserva a circula\u00e7\u00e3o de ar.<\/p>\n\n\n\n<p><strong>Isso \u00e9 essencial em varandas, sacadas e \u00e1reas abertas<\/strong>, onde conforto e ventila\u00e7\u00e3o precisam continuar fazendo parte do ambiente.<\/p>\n\n\n\n<p>Tamb\u00e9m existe uma quest\u00e3o pr\u00e1tica. A <strong>rede de nylon para prote\u00e7\u00e3o<\/strong> pode ser aplicada em diferentes formatos de varanda, inclusive em projetos com recortes, curvas ou necessidades espec\u00edficas de instala\u00e7\u00e3o. \u00c9 uma solu\u00e7\u00e3o que conversa bem com a arquitetura, sem parecer improvisada.<\/p>\n\n\n\n<ul class=\"wp-block-list\">\n<li><a href=\"https:\/\/www.jlmtelas.com.br\/blog\/rede-de-protecao-para-janela-duvidas-comuns\/\">Rede de prote\u00e7\u00e3o para janela: d\u00favidas comuns<\/a><\/li>\n<\/ul>\n\n\n\n<h2 class=\"wp-block-heading\"><strong>Caracter\u00edsticas t\u00e9cnicas que fazem diferen\u00e7a no projeto<\/strong><\/h2>\n\n\n\n<p>As redes de nylon s\u00e3o fabricadas com material sint\u00e9tico de alta durabilidade. Na pr\u00e1tica, isso significa que elas conseguem manter o desempenho mesmo em ambientes com sol forte, umidade e mudan\u00e7as de temperatura.<\/p>\n\n\n\n<p>Esse comportamento t\u00e9cnico torna a solu\u00e7\u00e3o indicada para contextos em que a prote\u00e7\u00e3o precisa ser cont\u00ednua. <strong>N\u00e3o se trata apenas de fechar um espa\u00e7o, mas de criar uma camada de seguran\u00e7a confi\u00e1vel no dia a dia.<\/strong><\/p>\n\n\n\n<p>Entre os pontos que mais costumam pesar na escolha, vale destacar:<\/p>\n\n\n\n<ul class=\"wp-block-list\">\n<li><strong>Alta resist\u00eancia ao desgaste<\/strong>, inclusive em \u00e1reas expostas \u00e0s intemp\u00e9ries;<\/li>\n\n\n\n<li><strong>Estrutura leve e flex\u00edvel<\/strong>, com menor impacto visual no ambiente;<\/li>\n\n\n\n<li><strong>Boa adapta\u00e7\u00e3o a medidas variadas<\/strong>, o que favorece projetos personalizados;<\/li>\n\n\n\n<li><strong>Ventila\u00e7\u00e3o preservada<\/strong>, sem bloqueio excessivo do espa\u00e7o;<\/li>\n\n\n\n<li><strong>Limpeza e manuten\u00e7\u00e3o simples<\/strong>, com necessidade apenas de cuidados peri\u00f3dicos.<br><br><\/li>\n<\/ul>\n\n\n\n<p>Essas caracter\u00edsticas explicam por que a <strong>rede de prote\u00e7\u00e3o em nylon<\/strong> aparece com frequ\u00eancia em projetos residenciais, escolares, esportivos e comerciais.<\/p>\n\n\n\n<h2 class=\"wp-block-heading\"><strong>Onde a rede de nylon sob medida faz mais sentido<\/strong><\/h2>\n\n\n\n<p>Nem todo espa\u00e7o aceita solu\u00e7\u00f5es padronizadas. Em muitos casos, o que garante um bom resultado \u00e9 justamente a personaliza\u00e7\u00e3o. A <strong>rede de nylon sob medida<\/strong> entra nesse cen\u00e1rio como uma escolha mais precisa para quem precisa acompanhar o desenho real da estrutura.<\/p>\n\n\n\n<p>Em varandas de apartamento, por exemplo, \u00e9 comum encontrar diferen\u00e7as de largura, altura e formato. H\u00e1 projetos com fechamento parcial, cantos espec\u00edficos ou \u00e1reas integradas que exigem mais cuidado na adapta\u00e7\u00e3o do material.<\/p>\n\n\n\n<p>Al\u00e9m disso, uma solu\u00e7\u00e3o sob medida tende a entregar melhor acabamento. <strong>Quando a rede acompanha corretamente a estrutura, o visual fica mais organizado e o desempenho tende a ser superior.<\/strong> Isso reduz folgas desnecess\u00e1rias e ajuda a manter a prote\u00e7\u00e3o de forma cont\u00ednua.<\/p>\n\n\n\n<p>Esse ponto \u00e9 ainda mais importante em im\u00f3veis com crian\u00e7as, pets ou circula\u00e7\u00e3o frequente de pessoas em \u00e1reas elevadas. Nesses casos, seguran\u00e7a n\u00e3o pode depender de ajuste improvisado.<\/p>\n\n\n\n<h2 class=\"wp-block-heading\"><strong>A instala\u00e7\u00e3o interfere no desempenho da rede?<\/strong><\/h2>\n\n\n\n<p>Sim, e muito. Mesmo uma rede de excelente qualidade pode perder efici\u00eancia se a instala\u00e7\u00e3o for feita de forma inadequada. <strong>O material certo precisa estar acompanhado de aplica\u00e7\u00e3o t\u00e9cnica correta.<\/strong><\/p>\n\n\n\n<p>O tensionamento, os pontos de fixa\u00e7\u00e3o e o m\u00e9todo de ancoragem precisam respeitar as caracter\u00edsticas da varanda e as exig\u00eancias do projeto. Quando isso n\u00e3o acontece, surgem riscos que comprometem tanto a seguran\u00e7a quanto a durabilidade da estrutura.<\/p>\n\n\n\n<p>Por isso, antes de fechar a compra, vale observar alguns pontos:<\/p>\n\n\n\n<ul class=\"wp-block-list\">\n<li><strong>Se a empresa trabalha com avalia\u00e7\u00e3o do espa\u00e7o<\/strong>;<\/li>\n\n\n\n<li><strong>Se o projeto considera medidas reais e necessidades espec\u00edficas;<\/strong><\/li>\n\n\n\n<li><strong>Se os pontos de fixa\u00e7\u00e3o s\u00e3o definidos de forma t\u00e9cnica<\/strong>;<\/li>\n\n\n\n<li><strong>Se a instala\u00e7\u00e3o \u00e9 feita por equipe especializada<\/strong>;<\/li>\n\n\n\n<li><strong>Se h\u00e1 orienta\u00e7\u00e3o sobre manuten\u00e7\u00e3o e inspe\u00e7\u00e3o peri\u00f3dica<\/strong>.<br><br><\/li>\n<\/ul>\n\n\n\n<p>Esse cuidado faz diferen\u00e7a porque prote\u00e7\u00e3o n\u00e3o depende s\u00f3 do material. <strong>Depende da forma como ele \u00e9 aplicado no ambiente.<\/strong><\/p>\n\n\n\n<h2 class=\"wp-block-heading\"><strong>Rede de nylon para varanda e est\u00e9tica: d\u00e1 para proteger sem pesar o visual?<\/strong><\/h2>\n\n\n\n<p>Essa \u00e9 uma d\u00favida comum, e a resposta costuma ser positiva. Uma das raz\u00f5es para a <strong>rede de nylon para varanda<\/strong> ser t\u00e3o procurada est\u00e1 justamente na descri\u00e7\u00e3o visual que ela oferece. Ao contr\u00e1rio de solu\u00e7\u00f5es met\u00e1licas ou fechamentos mais r\u00edgidos, o nylon interfere menos na leitura do espa\u00e7o.<\/p>\n\n\n\n<figure class=\"wp-block-image alignright size-large is-resized\"><img fetchpriority=\"high\" decoding=\"async\" width=\"1024\" height=\"768\" src=\"https:\/\/www.jlmtelas.com.br\/blog\/wp-content\/uploads\/2026\/07\/redes-de-protecao-1-1024x768.jpg\" alt=\"Rede de nylon para varanda: prote\u00e7\u00e3o sob medida para o seu projeto\n\" class=\"wp-image-3901\" style=\"width:257px;height:auto\" srcset=\"https:\/\/www.jlmtelas.com.br\/blog\/wp-content\/uploads\/2026\/07\/redes-de-protecao-1-1024x768.jpg 1024w, https:\/\/www.jlmtelas.com.br\/blog\/wp-content\/uploads\/2026\/07\/redes-de-protecao-1-300x225.jpg 300w, https:\/\/www.jlmtelas.com.br\/blog\/wp-content\/uploads\/2026\/07\/redes-de-protecao-1-768x576.jpg 768w, https:\/\/www.jlmtelas.com.br\/blog\/wp-content\/uploads\/2026\/07\/redes-de-protecao-1-1536x1152.jpg 1536w, https:\/\/www.jlmtelas.com.br\/blog\/wp-content\/uploads\/2026\/07\/redes-de-protecao-1.jpg 1600w\" sizes=\"(max-width: 1024px) 100vw, 1024px\" \/><\/figure>\n\n\n\n<p>Isso ajuda a manter a sensa\u00e7\u00e3o de amplitude e n\u00e3o compromete tanto a fachada ou a decora\u00e7\u00e3o da varanda. Em projetos residenciais, esse equil\u00edbrio entre seguran\u00e7a e est\u00e9tica costuma ser decisivo.<\/p>\n\n\n\n<p>Tamb\u00e9m vale lembrar que a prote\u00e7\u00e3o precisa acompanhar a rotina do im\u00f3vel. <strong>Uma boa solu\u00e7\u00e3o \u00e9 aquela que protege de verdade sem transformar o ambiente em um espa\u00e7o desconfort\u00e1vel ou visualmente carregado.<\/strong> E a rede de nylon costuma cumprir bem esse papel quando o projeto \u00e9 bem executado.<\/p>\n\n\n\n<h2 class=\"wp-block-heading\"><strong>Rede de nylon da JLM Telas: prote\u00e7\u00e3o sob medida com atendimento especializado<\/strong><\/h2>\n\n\n\n<p>Se a ideia \u00e9 investir em <strong>rede de nylon para varanda<\/strong> com aten\u00e7\u00e3o ao desempenho t\u00e9cnico e ao acabamento, a JLM Telas oferece uma solu\u00e7\u00e3o alinhada a essa necessidade.&nbsp;<\/p>\n\n\n\n<p>A empresa trabalha com <strong>rede de nylon sob medida<\/strong>, pensada para atender diferentes estruturas com mais precis\u00e3o, seguran\u00e7a e integra\u00e7\u00e3o visual.<\/p>\n\n\n\n<p>Al\u00e9m da qualidade do material, o diferencial est\u00e1 no olhar para o projeto. <strong>Cada ambiente exige uma leitura t\u00e9cnica pr\u00f3pria<\/strong>, e isso influencia diretamente no resultado final da instala\u00e7\u00e3o. Quando h\u00e1 esse cuidado, a prote\u00e7\u00e3o deixa de ser um item gen\u00e9rico e passa a fazer sentido dentro da realidade do espa\u00e7o.<\/p>\n\n\n\n<p>Se voc\u00ea busca uma <strong>rede de nylon para prote\u00e7\u00e3o<\/strong> que una resist\u00eancia, discri\u00e7\u00e3o e adapta\u00e7\u00e3o ao seu projeto, a JLM Telas pode ajudar.&nbsp;<\/p>\n\n\n\n<p><strong><a href=\"https:\/\/www.jlmtelas.com.br\/contato\">Entre em contato<\/a>, solicite uma avalia\u00e7\u00e3o e descubra a melhor solu\u00e7\u00e3o para proteger sua varanda com seguran\u00e7a e bom acabamento.<\/strong><\/p>\n\n\n\n<p><\/p>\n","protected":false},"excerpt":{"rendered":"<p><span class=\"span-reading-time rt-reading-time\" style=\"display: block;\"><span class=\"rt-label rt-prefix\">Tempo de leitura:<\/span> <span class=\"rt-time\"> 4<\/span> <span class=\"rt-label rt-postfix\">minutos<\/span><\/span>Rede de nylon para varanda com prote\u00e7\u00e3o discreta, resistente e sob medida para projetos residenciais e comerciais.&nbsp; Quando o assunto \u00e9 seguran\u00e7a em \u00e1reas elevadas, a escolha da solu\u00e7\u00e3o faz toda a diferen\u00e7a. A rede de nylon para varanda ganhou espa\u00e7o justamente por reunir prote\u00e7\u00e3o, discri\u00e7\u00e3o visual e adapta\u00e7\u00e3o a diferentes tipos de projeto. Em apartamentos, casas, coberturas e at\u00e9 espa\u00e7os comerciais, ela funciona como uma barreira eficiente sem transformar o ambiente em algo pesado ou visualmente fechado. Isso pesa muito na decis\u00e3o de quem quer proteger o espa\u00e7o, mas sem abrir m\u00e3o da est\u00e9tica. Outro ponto importante \u00e9 a flexibilidade. A rede de prote\u00e7\u00e3o em nylon se ajusta a medidas variadas e atende projetos que pedem um acabamento mais limpo, funcional e dur\u00e1vel. Por que a rede de nylon para varanda se destaca A principal vantagem da rede de nylon para varanda est\u00e1 na combina\u00e7\u00e3o entre resist\u00eancia e leveza. O material foi pensado para suportar impactos, exposi\u00e7\u00e3o ao tempo e uso cont\u00ednuo sem perder sua fun\u00e7\u00e3o de prote\u00e7\u00e3o. Em vez de criar uma barreira r\u00edgida e visualmente invasiva, a rede acompanha a estrutura do local e preserva a circula\u00e7\u00e3o de ar. Isso \u00e9 essencial em varandas, sacadas e \u00e1reas abertas, onde conforto e ventila\u00e7\u00e3o precisam continuar fazendo parte do ambiente. Tamb\u00e9m existe uma quest\u00e3o pr\u00e1tica. A rede de nylon para prote\u00e7\u00e3o pode ser aplicada em diferentes formatos de varanda, inclusive em projetos com recortes, curvas ou necessidades espec\u00edficas de instala\u00e7\u00e3o. \u00c9 uma solu\u00e7\u00e3o que conversa bem com a arquitetura, sem parecer improvisada. Caracter\u00edsticas t\u00e9cnicas que fazem diferen\u00e7a no projeto As redes de nylon s\u00e3o fabricadas com material sint\u00e9tico de alta durabilidade. Na pr\u00e1tica, isso significa que elas conseguem manter o desempenho mesmo em ambientes com sol forte, umidade e mudan\u00e7as de temperatura. Esse comportamento t\u00e9cnico torna a solu\u00e7\u00e3o indicada para contextos em que a prote\u00e7\u00e3o precisa ser cont\u00ednua. N\u00e3o se trata apenas de fechar um espa\u00e7o, mas de criar uma camada de seguran\u00e7a confi\u00e1vel no dia a dia. Entre os pontos que mais costumam pesar na escolha, vale destacar: Essas caracter\u00edsticas explicam por que a rede de prote\u00e7\u00e3o em nylon aparece com frequ\u00eancia em projetos residenciais, escolares, esportivos e comerciais. Onde a rede de nylon sob medida faz mais sentido Nem todo espa\u00e7o aceita solu\u00e7\u00f5es padronizadas. Em muitos casos, o que garante um bom resultado \u00e9 justamente a personaliza\u00e7\u00e3o. A rede de nylon sob medida entra nesse cen\u00e1rio como uma escolha mais precisa para quem precisa acompanhar o desenho real da estrutura. Em varandas de apartamento, por exemplo, \u00e9 comum encontrar diferen\u00e7as de largura, altura e formato. H\u00e1 projetos com fechamento parcial, cantos espec\u00edficos ou \u00e1reas integradas que exigem mais cuidado na adapta\u00e7\u00e3o do material. Al\u00e9m disso, uma solu\u00e7\u00e3o sob medida tende a entregar melhor acabamento. Quando a rede acompanha corretamente a estrutura, o visual fica mais organizado e o desempenho tende a ser superior. Isso reduz folgas desnecess\u00e1rias e ajuda a manter a prote\u00e7\u00e3o de forma cont\u00ednua. Esse ponto \u00e9 ainda mais importante em im\u00f3veis com crian\u00e7as, pets ou circula\u00e7\u00e3o frequente de pessoas em \u00e1reas elevadas. Nesses casos, seguran\u00e7a n\u00e3o pode depender de ajuste improvisado. A instala\u00e7\u00e3o interfere no desempenho da rede? Sim, e muito. Mesmo uma rede de excelente qualidade pode perder efici\u00eancia se a instala\u00e7\u00e3o for feita de forma inadequada. O material certo precisa estar acompanhado de aplica\u00e7\u00e3o t\u00e9cnica correta. O tensionamento, os pontos de fixa\u00e7\u00e3o e o m\u00e9todo de ancoragem precisam respeitar as caracter\u00edsticas da varanda e as exig\u00eancias do projeto. Quando isso n\u00e3o acontece, surgem riscos que comprometem tanto a seguran\u00e7a quanto a durabilidade da estrutura. Por isso, antes de fechar a compra, vale observar alguns pontos: Esse cuidado faz diferen\u00e7a porque prote\u00e7\u00e3o n\u00e3o depende s\u00f3 do material. Depende da forma como ele \u00e9 aplicado no ambiente. Rede de nylon para varanda e est\u00e9tica: d\u00e1 para proteger sem pesar o visual? Essa \u00e9 uma d\u00favida comum, e a resposta costuma ser positiva. Uma das raz\u00f5es para a rede de nylon para varanda ser t\u00e3o procurada est\u00e1 justamente na descri\u00e7\u00e3o visual que ela oferece. Ao contr\u00e1rio de solu\u00e7\u00f5es met\u00e1licas ou fechamentos mais r\u00edgidos, o nylon interfere menos na leitura do espa\u00e7o. Isso ajuda a manter a sensa\u00e7\u00e3o de amplitude e n\u00e3o compromete tanto a fachada ou a decora\u00e7\u00e3o da varanda. Em projetos residenciais, esse equil\u00edbrio entre seguran\u00e7a e est\u00e9tica costuma ser decisivo. Tamb\u00e9m vale lembrar que a prote\u00e7\u00e3o precisa acompanhar a rotina do im\u00f3vel. Uma boa solu\u00e7\u00e3o \u00e9 aquela que protege de verdade sem transformar o ambiente em um espa\u00e7o desconfort\u00e1vel ou visualmente carregado. E a rede de nylon costuma cumprir bem esse papel quando o projeto \u00e9 bem executado. Rede de nylon da JLM Telas: prote\u00e7\u00e3o sob medida com atendimento especializado Se a ideia \u00e9 investir em rede de nylon para varanda com aten\u00e7\u00e3o ao desempenho t\u00e9cnico e ao acabamento, a JLM Telas oferece uma solu\u00e7\u00e3o alinhada a essa necessidade.&nbsp; A empresa trabalha com rede de nylon sob medida, pensada para atender diferentes estruturas com mais precis\u00e3o, seguran\u00e7a e integra\u00e7\u00e3o visual. Al\u00e9m da qualidade do material, o diferencial est\u00e1 no olhar para o projeto. Cada ambiente exige uma leitura t\u00e9cnica pr\u00f3pria, e isso influencia diretamente no resultado final da instala\u00e7\u00e3o. Quando h\u00e1 esse cuidado, a prote\u00e7\u00e3o deixa de ser um item gen\u00e9rico e passa a fazer sentido dentro da realidade do espa\u00e7o. Se voc\u00ea busca uma rede de nylon para prote\u00e7\u00e3o que una resist\u00eancia, discri\u00e7\u00e3o e adapta\u00e7\u00e3o ao seu projeto, a JLM Telas pode ajudar.&nbsp; Entre em contato, solicite uma avalia\u00e7\u00e3o e descubra a melhor solu\u00e7\u00e3o para proteger sua varanda com seguran\u00e7a e bom acabamento.<\/p>\n","protected":false},"author":1,"featured_media":3900,"comment_status":"open","ping_status":"open","sticky":false,"template":"","format":"standard","meta":{"footnotes":""},"categories":[3270],"tags":[5159,5166,5170,5188,5189,5180,5190,5162,5186,5176,5169,5164,5171,5158,5175,5183,5182,5187,5036,5185,5172,5163,5192,5157,5204,5208,5213,5206,5210,5214,5196,5211,5215,5212,5195,5194,5202,5199,5207,5203,5201,5209,5205,5200,5191,5197,5193,5198,5168,5167,5179,5174,5161,5181,5173,5160,5165,5184,4973,3064,3061,5178,5177],"class_list":["post-3899","post","type-post","status-publish","format-standard","has-post-thumbnail","hentry","category-rede-de-protecao","tag-como-escolher-rede-de-nylon-para-varanda","tag-como-funciona-a-instalacao-de-rede-de-nylon","tag-como-manter-rede-de-nylon-para-protecao","tag-empresa-de-rede-de-nylon-para-varanda","tag-fornecedor-de-rede-de-nylon-para-varanda","tag-instalacao-de-rede-de-nylon","tag-loja-de-rede-de-nylon-para-varanda","tag-onde-instalar-rede-de-nylon-para-protecao","tag-protecao-continua-para-varanda","tag-protecao-para-varanda-com-nylon","tag-qual-a-diferenca-entre-rede-sob-medida-e-padrao","tag-qual-a-melhor-rede-de-nylon-para-varanda","tag-quando-trocar-rede-de-nylon-para-varanda","tag-quanto-custa-rede-de-nylon-para-varanda","tag-rede-de-nylon-para-apartamento","tag-rede-de-nylon-para-criancas","tag-rede-de-nylon-para-pets","tag-rede-de-nylon-para-projeto-residencial","tag-rede-de-nylon-para-protecao","tag-rede-de-nylon-para-sacadas","tag-rede-de-nylon-para-varanda","tag-rede-de-nylon-para-varanda-bloqueia-ventilacao","tag-rede-de-nylon-para-varanda-comprar","tag-rede-de-nylon-para-varanda-e-segura","tag-rede-de-nylon-para-varanda-em-caieiras","tag-rede-de-nylon-para-varanda-em-cajamar","tag-rede-de-nylon-para-varanda-em-diadema","tag-rede-de-nylon-para-varanda-em-franco-da-rocha","tag-rede-de-nylon-para-varanda-em-guarulhos","tag-rede-de-nylon-para-varanda-em-osasco","tag-rede-de-nylon-para-varanda-em-promocao","tag-rede-de-nylon-para-varanda-em-santo-andre","tag-rede-de-nylon-para-varanda-em-sao-bernardo","tag-rede-de-nylon-para-varanda-em-sao-caetano","tag-rede-de-nylon-para-varanda-em-sao-paulo","tag-rede-de-nylon-para-varanda-em-sp","tag-rede-de-nylon-para-varanda-na-vila-inacio","tag-rede-de-nylon-para-varanda-na-zona-leste","tag-rede-de-nylon-para-varanda-na-zona-norte","tag-rede-de-nylon-para-varanda-na-zona-oeste","tag-rede-de-nylon-para-varanda-na-zona-sul","tag-rede-de-nylon-para-varanda-no-abc","tag-rede-de-nylon-para-varanda-no-centro","tag-rede-de-nylon-para-varanda-no-jaragua","tag-rede-de-nylon-para-varanda-onde-encontrar","tag-rede-de-nylon-para-varanda-perto-de-mim","tag-rede-de-nylon-para-varanda-preco","tag-rede-de-nylon-para-varanda-proximo-a-mim","tag-rede-de-nylon-para-varanda-serve-para-criancas","tag-rede-de-nylon-para-varanda-serve-para-pets","tag-rede-de-nylon-resistente","tag-rede-de-nylon-sob-medida","tag-rede-de-nylon-sob-medida-vale-a-pena","tag-rede-de-protecao-discreta","tag-rede-de-protecao-em-nylon","tag-rede-de-protecao-em-nylon-dura-quanto-tempo","tag-rede-de-protecao-em-nylon-pode-pegar-sol","tag-rede-de-protecao-para-area-elevada","tag-rede-de-protecao-para-sacada","tag-rede-de-protecao-para-varanda","tag-rede-de-protecao-sob-medida","tag-rede-de-seguranca-para-varanda","tag-tela-de-nylon-para-varanda"],"yoast_head":"<!-- This site is optimized with the Yoast SEO plugin v26.5 - https:\/\/yoast.com\/wordpress\/plugins\/seo\/ -->\n<title>Rede de nylon para varanda: prote\u00e7\u00e3o sob medida para o seu projeto - Blog<\/title>\n<meta name=\"description\" content=\"Rede de nylon para varanda com prote\u00e7\u00e3o discreta, resistente e sob medida para projetos residenciais e comerciais.\" \/>\n<meta name=\"robots\" content=\"index, follow, max-snippet:-1, max-image-preview:large, max-video-preview:-1\" \/>\n<link rel=\"canonical\" href=\"https:\/\/www.jlmtelas.com.br\/blog\/rede-de-nylon-para-varanda-protecao-sob-medida-para-o-seu-projeto\/\" \/>\n<meta property=\"og:locale\" content=\"pt_BR\" \/>\n<meta property=\"og:type\" content=\"article\" \/>\n<meta property=\"og:title\" content=\"Rede de nylon para varanda: prote\u00e7\u00e3o sob medida para o seu projeto - Blog\" \/>\n<meta property=\"og:description\" content=\"Rede de nylon para varanda com prote\u00e7\u00e3o discreta, resistente e sob medida para projetos residenciais e comerciais.\" \/>\n<meta property=\"og:url\" content=\"https:\/\/www.jlmtelas.com.br\/blog\/rede-de-nylon-para-varanda-protecao-sob-medida-para-o-seu-projeto\/\" \/>\n<meta property=\"og:site_name\" content=\"Blog\" \/>\n<meta property=\"article:published_time\" content=\"2026-07-02T13:17:45+00:00\" \/>\n<meta property=\"article:modified_time\" content=\"2026-07-02T13:19:51+00:00\" \/>\n<meta property=\"og:image\" content=\"https:\/\/www.jlmtelas.com.br\/blog\/wp-content\/uploads\/2026\/07\/rede-nylon.jpg\" \/>\n\t<meta property=\"og:image:width\" content=\"564\" \/>\n\t<meta property=\"og:image:height\" content=\"564\" \/>\n\t<meta property=\"og:image:type\" content=\"image\/jpeg\" \/>\n<meta name=\"author\" content=\"admin\" \/>\n<meta name=\"twitter:card\" content=\"summary_large_image\" \/>\n<meta name=\"twitter:label1\" content=\"Written by\" \/>\n\t<meta name=\"twitter:data1\" content=\"admin\" \/>\n\t<meta name=\"twitter:label2\" content=\"Est. reading time\" \/>\n\t<meta name=\"twitter:data2\" content=\"7 minutos\" \/>\n<script type=\"application\/ld+json\" class=\"yoast-schema-graph\">{\"@context\":\"https:\/\/schema.org\",\"@graph\":[{\"@type\":\"Article\",\"@id\":\"https:\/\/www.jlmtelas.com.br\/blog\/rede-de-nylon-para-varanda-protecao-sob-medida-para-o-seu-projeto\/#article\",\"isPartOf\":{\"@id\":\"https:\/\/www.jlmtelas.com.br\/blog\/rede-de-nylon-para-varanda-protecao-sob-medida-para-o-seu-projeto\/\"},\"author\":{\"name\":\"admin\",\"@id\":\"https:\/\/www.jlmtelas.com.br\/blog\/#\/schema\/person\/f18a21b444b0e0928689bc1eae7be951\"},\"headline\":\"Rede de nylon para varanda: prote\u00e7\u00e3o sob medida para o seu projeto\",\"datePublished\":\"2026-07-02T13:17:45+00:00\",\"dateModified\":\"2026-07-02T13:19:51+00:00\",\"mainEntityOfPage\":{\"@id\":\"https:\/\/www.jlmtelas.com.br\/blog\/rede-de-nylon-para-varanda-protecao-sob-medida-para-o-seu-projeto\/\"},\"wordCount\":1165,\"commentCount\":0,\"publisher\":{\"@id\":\"https:\/\/www.jlmtelas.com.br\/blog\/#organization\"},\"image\":{\"@id\":\"https:\/\/www.jlmtelas.com.br\/blog\/rede-de-nylon-para-varanda-protecao-sob-medida-para-o-seu-projeto\/#primaryimage\"},\"thumbnailUrl\":\"https:\/\/www.jlmtelas.com.br\/blog\/wp-content\/uploads\/2026\/07\/rede-nylon.jpg\",\"keywords\":[\"como escolher rede de nylon para varanda\",\"como funciona a instala\u00e7\u00e3o de rede de nylon\",\"como manter rede de nylon para prote\u00e7\u00e3o\",\"empresa de rede de nylon para varanda\",\"fornecedor de rede de nylon para varanda\",\"instala\u00e7\u00e3o de rede de nylon\",\"loja de rede de nylon para varanda\",\"onde instalar rede de nylon para prote\u00e7\u00e3o\",\"prote\u00e7\u00e3o cont\u00ednua para varanda\",\"prote\u00e7\u00e3o para varanda com nylon\",\"qual a diferen\u00e7a entre rede sob medida e padr\u00e3o\",\"qual a melhor rede de nylon para varanda\",\"quando trocar rede de nylon para varanda\",\"quanto custa rede de nylon para varanda\",\"rede de nylon para apartamento\",\"rede de nylon para crian\u00e7as\",\"rede de nylon para pets\",\"rede de nylon para projeto residencial\",\"rede de nylon para prote\u00e7\u00e3o\",\"rede de nylon para sacadas\",\"rede de nylon para varanda\",\"rede de nylon para varanda bloqueia ventila\u00e7\u00e3o\",\"rede de nylon para varanda comprar\",\"rede de nylon para varanda \u00e9 segura\",\"rede de nylon para varanda em Caieiras\",\"rede de nylon para varanda em Cajamar\",\"rede de nylon para varanda em Diadema\",\"rede de nylon para varanda em Franco da Rocha\",\"rede de nylon para varanda em Guarulhos\",\"rede de nylon para varanda em Osasco\",\"rede de nylon para varanda em promo\u00e7\u00e3o\",\"rede de nylon para varanda em Santo Andr\u00e9\",\"rede de nylon para varanda em S\u00e3o Bernardo\",\"rede de nylon para varanda em S\u00e3o Caetano\",\"rede de nylon para varanda em s\u00e3o paulo\",\"rede de nylon para varanda em sp\",\"rede de nylon para varanda na Vila In\u00e1cio\",\"rede de nylon para varanda na zona leste\",\"rede de nylon para varanda na zona norte\",\"rede de nylon para varanda na zona oeste\",\"rede de nylon para varanda na zona sul\",\"rede de nylon para varanda no ABC\",\"rede de nylon para varanda no centro\",\"rede de nylon para varanda no Jaragu\u00e1\",\"rede de nylon para varanda onde encontrar\",\"rede de nylon para varanda perto de mim\",\"rede de nylon para varanda pre\u00e7o\",\"rede de nylon para varanda pr\u00f3ximo a mim\",\"rede de nylon para varanda serve para crian\u00e7as\",\"rede de nylon para varanda serve para pets\",\"rede de nylon resistente\",\"rede de nylon sob medida\",\"rede de nylon sob medida vale a pena\",\"rede de prote\u00e7\u00e3o discreta\",\"rede de prote\u00e7\u00e3o em nylon\",\"rede de prote\u00e7\u00e3o em nylon dura quanto tempo\",\"rede de prote\u00e7\u00e3o em nylon pode pegar sol\",\"rede de prote\u00e7\u00e3o para \u00e1rea elevada\",\"rede de prote\u00e7\u00e3o para sacada\",\"rede de prote\u00e7\u00e3o para varanda\",\"rede de prote\u00e7\u00e3o sob medida\",\"rede de seguran\u00e7a para varanda\",\"tela de nylon para varanda\"],\"articleSection\":[\"Rede de prote\u00e7\u00e3o\"],\"inLanguage\":\"pt-BR\",\"potentialAction\":[{\"@type\":\"CommentAction\",\"name\":\"Comment\",\"target\":[\"https:\/\/www.jlmtelas.com.br\/blog\/rede-de-nylon-para-varanda-protecao-sob-medida-para-o-seu-projeto\/#respond\"]}]},{\"@type\":\"WebPage\",\"@id\":\"https:\/\/www.jlmtelas.com.br\/blog\/rede-de-nylon-para-varanda-protecao-sob-medida-para-o-seu-projeto\/\",\"url\":\"https:\/\/www.jlmtelas.com.br\/blog\/rede-de-nylon-para-varanda-protecao-sob-medida-para-o-seu-projeto\/\",\"name\":\"Rede de nylon para varanda: prote\u00e7\u00e3o sob medida para o seu projeto - Blog\",\"isPartOf\":{\"@id\":\"https:\/\/www.jlmtelas.com.br\/blog\/#website\"},\"primaryImageOfPage\":{\"@id\":\"https:\/\/www.jlmtelas.com.br\/blog\/rede-de-nylon-para-varanda-protecao-sob-medida-para-o-seu-projeto\/#primaryimage\"},\"image\":{\"@id\":\"https:\/\/www.jlmtelas.com.br\/blog\/rede-de-nylon-para-varanda-protecao-sob-medida-para-o-seu-projeto\/#primaryimage\"},\"thumbnailUrl\":\"https:\/\/www.jlmtelas.com.br\/blog\/wp-content\/uploads\/2026\/07\/rede-nylon.jpg\",\"datePublished\":\"2026-07-02T13:17:45+00:00\",\"dateModified\":\"2026-07-02T13:19:51+00:00\",\"description\":\"Rede de nylon para varanda com prote\u00e7\u00e3o discreta, resistente e sob medida para projetos residenciais e comerciais.\",\"breadcrumb\":{\"@id\":\"https:\/\/www.jlmtelas.com.br\/blog\/rede-de-nylon-para-varanda-protecao-sob-medida-para-o-seu-projeto\/#breadcrumb\"},\"inLanguage\":\"pt-BR\",\"potentialAction\":[{\"@type\":\"ReadAction\",\"target\":[\"https:\/\/www.jlmtelas.com.br\/blog\/rede-de-nylon-para-varanda-protecao-sob-medida-para-o-seu-projeto\/\"]}]},{\"@type\":\"ImageObject\",\"inLanguage\":\"pt-BR\",\"@id\":\"https:\/\/www.jlmtelas.com.br\/blog\/rede-de-nylon-para-varanda-protecao-sob-medida-para-o-seu-projeto\/#primaryimage\",\"url\":\"https:\/\/www.jlmtelas.com.br\/blog\/wp-content\/uploads\/2026\/07\/rede-nylon.jpg\",\"contentUrl\":\"https:\/\/www.jlmtelas.com.br\/blog\/wp-content\/uploads\/2026\/07\/rede-nylon.jpg\",\"width\":564,\"height\":564,\"caption\":\"Rede de nylon para varanda: prote\u00e7\u00e3o sob medida para o seu projeto\"},{\"@type\":\"BreadcrumbList\",\"@id\":\"https:\/\/www.jlmtelas.com.br\/blog\/rede-de-nylon-para-varanda-protecao-sob-medida-para-o-seu-projeto\/#breadcrumb\",\"itemListElement\":[{\"@type\":\"ListItem\",\"position\":1,\"name\":\"In\u00edcio\",\"item\":\"https:\/\/www.jlmtelas.com.br\/blog\/\"},{\"@type\":\"ListItem\",\"position\":2,\"name\":\"Rede de nylon para varanda: prote\u00e7\u00e3o sob medida para o seu projeto\"}]},{\"@type\":\"WebSite\",\"@id\":\"https:\/\/www.jlmtelas.com.br\/blog\/#website\",\"url\":\"https:\/\/www.jlmtelas.com.br\/blog\/\",\"name\":\"Blog\",\"description\":\"\",\"publisher\":{\"@id\":\"https:\/\/www.jlmtelas.com.br\/blog\/#organization\"},\"potentialAction\":[{\"@type\":\"SearchAction\",\"target\":{\"@type\":\"EntryPoint\",\"urlTemplate\":\"https:\/\/www.jlmtelas.com.br\/blog\/?s={search_term_string}\"},\"query-input\":{\"@type\":\"PropertyValueSpecification\",\"valueRequired\":true,\"valueName\":\"search_term_string\"}}],\"inLanguage\":\"pt-BR\"},{\"@type\":\"Organization\",\"@id\":\"https:\/\/www.jlmtelas.com.br\/blog\/#organization\",\"name\":\"Blog\",\"url\":\"https:\/\/www.jlmtelas.com.br\/blog\/\",\"logo\":{\"@type\":\"ImageObject\",\"inLanguage\":\"pt-BR\",\"@id\":\"https:\/\/www.jlmtelas.com.br\/blog\/#\/schema\/logo\/image\/\",\"url\":\"https:\/\/www.jlmtelas.com.br\/blog\/wp-content\/uploads\/2025\/12\/logo.png\",\"contentUrl\":\"https:\/\/www.jlmtelas.com.br\/blog\/wp-content\/uploads\/2025\/12\/logo.png\",\"width\":300,\"height\":270,\"caption\":\"Blog\"},\"image\":{\"@id\":\"https:\/\/www.jlmtelas.com.br\/blog\/#\/schema\/logo\/image\/\"}},{\"@type\":\"Person\",\"@id\":\"https:\/\/www.jlmtelas.com.br\/blog\/#\/schema\/person\/f18a21b444b0e0928689bc1eae7be951\",\"name\":\"admin\",\"image\":{\"@type\":\"ImageObject\",\"inLanguage\":\"pt-BR\",\"@id\":\"https:\/\/www.jlmtelas.com.br\/blog\/#\/schema\/person\/image\/\",\"url\":\"https:\/\/secure.gravatar.com\/avatar\/d2abb7e535a7590a6f9b76c75c90ec5441db3a04a205e6d66ecabfb80081f172?s=96&d=mm&r=g\",\"contentUrl\":\"https:\/\/secure.gravatar.com\/avatar\/d2abb7e535a7590a6f9b76c75c90ec5441db3a04a205e6d66ecabfb80081f172?s=96&d=mm&r=g\",\"caption\":\"admin\"},\"sameAs\":[\"https:\/\/www.jlmtelas.com.br\/blog\"],\"url\":\"https:\/\/www.jlmtelas.com.br\/blog\/author\/admin\/\"}]}<\/script>\n<!-- \/ Yoast SEO plugin. -->","yoast_head_json":{"title":"Rede de nylon para varanda: prote\u00e7\u00e3o sob medida para o seu projeto - Blog","description":"Rede de nylon para varanda com prote\u00e7\u00e3o discreta, resistente e sob medida para projetos residenciais e comerciais.","robots":{"index":"index","follow":"follow","max-snippet":"max-snippet:-1","max-image-preview":"max-image-preview:large","max-video-preview":"max-video-preview:-1"},"canonical":"https:\/\/www.jlmtelas.com.br\/blog\/rede-de-nylon-para-varanda-protecao-sob-medida-para-o-seu-projeto\/","og_locale":"pt_BR","og_type":"article","og_title":"Rede de nylon para varanda: prote\u00e7\u00e3o sob medida para o seu projeto - Blog","og_description":"Rede de nylon para varanda com prote\u00e7\u00e3o discreta, resistente e sob medida para projetos residenciais e comerciais.","og_url":"https:\/\/www.jlmtelas.com.br\/blog\/rede-de-nylon-para-varanda-protecao-sob-medida-para-o-seu-projeto\/","og_site_name":"Blog","article_published_time":"2026-07-02T13:17:45+00:00","article_modified_time":"2026-07-02T13:19:51+00:00","og_image":[{"width":564,"height":564,"url":"https:\/\/www.jlmtelas.com.br\/blog\/wp-content\/uploads\/2026\/07\/rede-nylon.jpg","type":"image\/jpeg"}],"author":"admin","twitter_card":"summary_large_image","twitter_misc":{"Written by":"admin","Est. reading time":"7 minutos"},"schema":{"@context":"https:\/\/schema.org","@graph":[{"@type":"Article","@id":"https:\/\/www.jlmtelas.com.br\/blog\/rede-de-nylon-para-varanda-protecao-sob-medida-para-o-seu-projeto\/#article","isPartOf":{"@id":"https:\/\/www.jlmtelas.com.br\/blog\/rede-de-nylon-para-varanda-protecao-sob-medida-para-o-seu-projeto\/"},"author":{"name":"admin","@id":"https:\/\/www.jlmtelas.com.br\/blog\/#\/schema\/person\/f18a21b444b0e0928689bc1eae7be951"},"headline":"Rede de nylon para varanda: prote\u00e7\u00e3o sob medida para o seu projeto","datePublished":"2026-07-02T13:17:45+00:00","dateModified":"2026-07-02T13:19:51+00:00","mainEntityOfPage":{"@id":"https:\/\/www.jlmtelas.com.br\/blog\/rede-de-nylon-para-varanda-protecao-sob-medida-para-o-seu-projeto\/"},"wordCount":1165,"commentCount":0,"publisher":{"@id":"https:\/\/www.jlmtelas.com.br\/blog\/#organization"},"image":{"@id":"https:\/\/www.jlmtelas.com.br\/blog\/rede-de-nylon-para-varanda-protecao-sob-medida-para-o-seu-projeto\/#primaryimage"},"thumbnailUrl":"https:\/\/www.jlmtelas.com.br\/blog\/wp-content\/uploads\/2026\/07\/rede-nylon.jpg","keywords":["como escolher rede de nylon para varanda","como funciona a instala\u00e7\u00e3o de rede de nylon","como manter rede de nylon para prote\u00e7\u00e3o","empresa de rede de nylon para varanda","fornecedor de rede de nylon para varanda","instala\u00e7\u00e3o de rede de nylon","loja de rede de nylon para varanda","onde instalar rede de nylon para prote\u00e7\u00e3o","prote\u00e7\u00e3o cont\u00ednua para varanda","prote\u00e7\u00e3o para varanda com nylon","qual a diferen\u00e7a entre rede sob medida e padr\u00e3o","qual a melhor rede de nylon para varanda","quando trocar rede de nylon para varanda","quanto custa rede de nylon para varanda","rede de nylon para apartamento","rede de nylon para crian\u00e7as","rede de nylon para pets","rede de nylon para projeto residencial","rede de nylon para prote\u00e7\u00e3o","rede de nylon para sacadas","rede de nylon para varanda","rede de nylon para varanda bloqueia ventila\u00e7\u00e3o","rede de nylon para varanda comprar","rede de nylon para varanda \u00e9 segura","rede de nylon para varanda em Caieiras","rede de nylon para varanda em Cajamar","rede de nylon para varanda em Diadema","rede de nylon para varanda em Franco da Rocha","rede de nylon para varanda em Guarulhos","rede de nylon para varanda em Osasco","rede de nylon para varanda em promo\u00e7\u00e3o","rede de nylon para varanda em Santo Andr\u00e9","rede de nylon para varanda em S\u00e3o Bernardo","rede de nylon para varanda em S\u00e3o Caetano","rede de nylon para varanda em s\u00e3o paulo","rede de nylon para varanda em sp","rede de nylon para varanda na Vila In\u00e1cio","rede de nylon para varanda na zona leste","rede de nylon para varanda na zona norte","rede de nylon para varanda na zona oeste","rede de nylon para varanda na zona sul","rede de nylon para varanda no ABC","rede de nylon para varanda no centro","rede de nylon para varanda no Jaragu\u00e1","rede de nylon para varanda onde encontrar","rede de nylon para varanda perto de mim","rede de nylon para varanda pre\u00e7o","rede de nylon para varanda pr\u00f3ximo a mim","rede de nylon para varanda serve para crian\u00e7as","rede de nylon para varanda serve para pets","rede de nylon resistente","rede de nylon sob medida","rede de nylon sob medida vale a pena","rede de prote\u00e7\u00e3o discreta","rede de prote\u00e7\u00e3o em nylon","rede de prote\u00e7\u00e3o em nylon dura quanto tempo","rede de prote\u00e7\u00e3o em nylon pode pegar sol","rede de prote\u00e7\u00e3o para \u00e1rea elevada","rede de prote\u00e7\u00e3o para sacada","rede de prote\u00e7\u00e3o para varanda","rede de prote\u00e7\u00e3o sob medida","rede de seguran\u00e7a para varanda","tela de nylon para varanda"],"articleSection":["Rede de prote\u00e7\u00e3o"],"inLanguage":"pt-BR","potentialAction":[{"@type":"CommentAction","name":"Comment","target":["https:\/\/www.jlmtelas.com.br\/blog\/rede-de-nylon-para-varanda-protecao-sob-medida-para-o-seu-projeto\/#respond"]}]},{"@type":"WebPage","@id":"https:\/\/www.jlmtelas.com.br\/blog\/rede-de-nylon-para-varanda-protecao-sob-medida-para-o-seu-projeto\/","url":"https:\/\/www.jlmtelas.com.br\/blog\/rede-de-nylon-para-varanda-protecao-sob-medida-para-o-seu-projeto\/","name":"Rede de nylon para varanda: prote\u00e7\u00e3o sob medida para o seu projeto - Blog","isPartOf":{"@id":"https:\/\/www.jlmtelas.com.br\/blog\/#website"},"primaryImageOfPage":{"@id":"https:\/\/www.jlmtelas.com.br\/blog\/rede-de-nylon-para-varanda-protecao-sob-medida-para-o-seu-projeto\/#primaryimage"},"image":{"@id":"https:\/\/www.jlmtelas.com.br\/blog\/rede-de-nylon-para-varanda-protecao-sob-medida-para-o-seu-projeto\/#primaryimage"},"thumbnailUrl":"https:\/\/www.jlmtelas.com.br\/blog\/wp-content\/uploads\/2026\/07\/rede-nylon.jpg","datePublished":"2026-07-02T13:17:45+00:00","dateModified":"2026-07-02T13:19:51+00:00","description":"Rede de nylon para varanda com prote\u00e7\u00e3o discreta, resistente e sob medida para projetos residenciais e comerciais.","breadcrumb":{"@id":"https:\/\/www.jlmtelas.com.br\/blog\/rede-de-nylon-para-varanda-protecao-sob-medida-para-o-seu-projeto\/#breadcrumb"},"inLanguage":"pt-BR","potentialAction":[{"@type":"ReadAction","target":["https:\/\/www.jlmtelas.com.br\/blog\/rede-de-nylon-para-varanda-protecao-sob-medida-para-o-seu-projeto\/"]}]},{"@type":"ImageObject","inLanguage":"pt-BR","@id":"https:\/\/www.jlmtelas.com.br\/blog\/rede-de-nylon-para-varanda-protecao-sob-medida-para-o-seu-projeto\/#primaryimage","url":"https:\/\/www.jlmtelas.com.br\/blog\/wp-content\/uploads\/2026\/07\/rede-nylon.jpg","contentUrl":"https:\/\/www.jlmtelas.com.br\/blog\/wp-content\/uploads\/2026\/07\/rede-nylon.jpg","width":564,"height":564,"caption":"Rede de nylon para varanda: prote\u00e7\u00e3o sob medida para o seu projeto"},{"@type":"BreadcrumbList","@id":"https:\/\/www.jlmtelas.com.br\/blog\/rede-de-nylon-para-varanda-protecao-sob-medida-para-o-seu-projeto\/#breadcrumb","itemListElement":[{"@type":"ListItem","position":1,"name":"In\u00edcio","item":"https:\/\/www.jlmtelas.com.br\/blog\/"},{"@type":"ListItem","position":2,"name":"Rede de nylon para varanda: prote\u00e7\u00e3o sob medida para o seu projeto"}]},{"@type":"WebSite","@id":"https:\/\/www.jlmtelas.com.br\/blog\/#website","url":"https:\/\/www.jlmtelas.com.br\/blog\/","name":"Blog","description":"","publisher":{"@id":"https:\/\/www.jlmtelas.com.br\/blog\/#organization"},"potentialAction":[{"@type":"SearchAction","target":{"@type":"EntryPoint","urlTemplate":"https:\/\/www.jlmtelas.com.br\/blog\/?s={search_term_string}"},"query-input":{"@type":"PropertyValueSpecification","valueRequired":true,"valueName":"search_term_string"}}],"inLanguage":"pt-BR"},{"@type":"Organization","@id":"https:\/\/www.jlmtelas.com.br\/blog\/#organization","name":"Blog","url":"https:\/\/www.jlmtelas.com.br\/blog\/","logo":{"@type":"ImageObject","inLanguage":"pt-BR","@id":"https:\/\/www.jlmtelas.com.br\/blog\/#\/schema\/logo\/image\/","url":"https:\/\/www.jlmtelas.com.br\/blog\/wp-content\/uploads\/2025\/12\/logo.png","contentUrl":"https:\/\/www.jlmtelas.com.br\/blog\/wp-content\/uploads\/2025\/12\/logo.png","width":300,"height":270,"caption":"Blog"},"image":{"@id":"https:\/\/www.jlmtelas.com.br\/blog\/#\/schema\/logo\/image\/"}},{"@type":"Person","@id":"https:\/\/www.jlmtelas.com.br\/blog\/#\/schema\/person\/f18a21b444b0e0928689bc1eae7be951","name":"admin","image":{"@type":"ImageObject","inLanguage":"pt-BR","@id":"https:\/\/www.jlmtelas.com.br\/blog\/#\/schema\/person\/image\/","url":"https:\/\/secure.gravatar.com\/avatar\/d2abb7e535a7590a6f9b76c75c90ec5441db3a04a205e6d66ecabfb80081f172?s=96&d=mm&r=g","contentUrl":"https:\/\/secure.gravatar.com\/avatar\/d2abb7e535a7590a6f9b76c75c90ec5441db3a04a205e6d66ecabfb80081f172?s=96&d=mm&r=g","caption":"admin"},"sameAs":["https:\/\/www.jlmtelas.com.br\/blog"],"url":"https:\/\/www.jlmtelas.com.br\/blog\/author\/admin\/"}]}},"_links":{"self":[{"href":"https:\/\/www.jlmtelas.com.br\/blog\/wp-json\/wp\/v2\/posts\/3899","targetHints":{"allow":["GET"]}}],"collection":[{"href":"https:\/\/www.jlmtelas.com.br\/blog\/wp-json\/wp\/v2\/posts"}],"about":[{"href":"https:\/\/www.jlmtelas.com.br\/blog\/wp-json\/wp\/v2\/types\/post"}],"author":[{"embeddable":true,"href":"https:\/\/www.jlmtelas.com.br\/blog\/wp-json\/wp\/v2\/users\/1"}],"replies":[{"embeddable":true,"href":"https:\/\/www.jlmtelas.com.br\/blog\/wp-json\/wp\/v2\/comments?post=3899"}],"version-history":[{"count":1,"href":"https:\/\/www.jlmtelas.com.br\/blog\/wp-json\/wp\/v2\/posts\/3899\/revisions"}],"predecessor-version":[{"id":3902,"href":"https:\/\/www.jlmtelas.com.br\/blog\/wp-json\/wp\/v2\/posts\/3899\/revisions\/3902"}],"wp:featuredmedia":[{"embeddable":true,"href":"https:\/\/www.jlmtelas.com.br\/blog\/wp-json\/wp\/v2\/media\/3900"}],"wp:attachment":[{"href":"https:\/\/www.jlmtelas.com.br\/blog\/wp-json\/wp\/v2\/media?parent=3899"}],"wp:term":[{"taxonomy":"category","embeddable":true,"href":"https:\/\/www.jlmtelas.com.br\/blog\/wp-json\/wp\/v2\/categories?post=3899"},{"taxonomy":"post_tag","embeddable":true,"href":"https:\/\/www.jlmtelas.com.br\/blog\/wp-json\/wp\/v2\/tags?post=3899"}],"curies":[{"name":"wp","href":"https:\/\/api.w.org\/{rel}","templated":true}]}}